{"id":103417,"date":"2017-05-31T01:26:21","date_gmt":"2017-05-31T01:26:21","guid":{"rendered":"https:\/\/www.irdin.org.br\/site\/irma-lucia-de-jesus\/"},"modified":"2024-07-16T13:42:59","modified_gmt":"2024-07-16T13:42:59","slug":"irma-lucia-de-jesus","status":"publish","type":"post","link":"https:\/\/www.irdin.org.br\/site\/irma-lucia-de-jesus\/","title":{"rendered":"Irm\u00e3 Luc\u00eda de Jes\u00fas"},"content":{"rendered":"\t\t<div data-elementor-type=\"wp-post\" data-elementor-id=\"103417\" class=\"elementor elementor-103417\">\n\t\t\t\t<div class=\"wd-negative-gap elementor-element elementor-element-5697090 e-flex e-con-boxed e-con e-parent\" data-id=\"5697090\" data-element_type=\"container\" data-e-type=\"container\">\n\t\t\t\t\t<div class=\"e-con-inner\">\n\t\t<div class=\"elementor-element elementor-element-dfeabc8 e-con-full e-flex e-con e-child\" data-id=\"dfeabc8\" data-element_type=\"container\" data-e-type=\"container\">\n\t\t\t\t<div class=\"elementor-element elementor-element-2e35868 elementor-widget elementor-widget-image\" data-id=\"2e35868\" data-element_type=\"widget\" data-e-type=\"widget\" data-widget_type=\"image.default\">\n\t\t\t\t<div class=\"elementor-widget-container\">\n\t\t\t\t\t\t\t\t\t\t\t\t\t\t\t<img loading=\"lazy\" decoding=\"async\" width=\"300\" height=\"356\" src=\"https:\/\/www.irdin.org.br\/site\/wp-content\/uploads\/2017\/05\/irma-lucia.jpg\" class=\"attachment-large size-large wp-image-105746\" alt=\"\" srcset=\"https:\/\/www.irdin.org.br\/site\/wp-content\/uploads\/2017\/05\/irma-lucia.jpg 300w, https:\/\/www.irdin.org.br\/site\/wp-content\/uploads\/2017\/05\/irma-lucia-253x300.jpg 253w, https:\/\/www.irdin.org.br\/site\/wp-content\/uploads\/2017\/05\/irma-lucia-150x178.jpg 150w\" sizes=\"auto, (max-width: 300px) 100vw, 300px\" \/>\t\t\t\t\t\t\t\t\t\t\t\t\t\t\t<\/div>\n\t\t\t\t<\/div>\n\t\t\t\t<\/div>\n\t\t<div class=\"elementor-element elementor-element-28118d4 e-con-full e-flex e-con e-child\" data-id=\"28118d4\" data-element_type=\"container\" data-e-type=\"container\">\n\t\t\t\t<div class=\"elementor-element elementor-element-0be7f92 color-scheme-inherit text-left elementor-widget elementor-widget-text-editor\" data-id=\"0be7f92\" data-element_type=\"widget\" data-e-type=\"widget\" data-widget_type=\"text-editor.default\">\n\t\t\t\t<div class=\"elementor-widget-container\">\n\t\t\t\t\t\t\t\t\t<h1><strong>Irm\u00e3 Luc\u00eda de Jes\u00fas<\/strong><\/h1><p><br \/>A consecrated nun of the Grace of Mercy Order, she dedicates her life to prayer and selfless service, following the indications of Christ Jesus, of the Virgin Mary, and also of Saint Joseph.<\/p><p>From October 2012, in response to the Virgin Mary&#8217;s request, she began her work as a seer, serving as an intermediary for the messages transmitted by the Blessed Virgin Mary during Her public apparitions.In March of the following year, St. Joseph also came forward and began a cycle of instruction through the seer.<\/p>\t\t\t\t\t\t\t\t<\/div>\n\t\t\t\t<\/div>\n\t\t\t\t<\/div>\n\t\t\t\t\t<\/div>\n\t\t\t\t<\/div>\n\t\t<div class=\"elementor-element elementor-element-131c0756 e-flex e-con-boxed e-con e-parent\" data-id=\"131c0756\" data-element_type=\"container\" data-e-type=\"container\">\n\t\t\t\t\t<div class=\"e-con-inner\">\n\t\t\t\t<div class=\"elementor-element elementor-element-7b0d0ec1 color-scheme-inherit text-left elementor-widget elementor-widget-text-editor\" data-id=\"7b0d0ec1\" data-element_type=\"widget\" data-e-type=\"widget\" data-widget_type=\"text-editor.default\">\n\t\t\t\t<div class=\"elementor-widget-container\">\n\t\t\t\t\t\t\t\t\t<h3 style=\"text-align: center;\"><strong>Latest publications<\/strong><\/h3><p><div class=\"woocommerce columns-6 \"><div class=\"wd-products-element\">\t\t\t<div class=\"wd-sticky-loader wd-content-loader\"><span class=\"wd-loader\"><\/span><\/div>\n\t\t\n<div class=\"products wd-products wd-grid-g grid-columns-3 elements-grid pagination-pagination\" data-source=\"main_loop\" data-min_price=\"\" data-max_price=\"\" data-columns=\"3\" style=\"--wd-col-lg:3;--wd-col-md:3;--wd-col-sm:2;--wd-gap-lg:20px;--wd-gap-sm:10px;\">\n<div class=\"wd-product wd-with-labels wd-hover-base wd-hover-with-fade wd-col product-grid-item product product-no-swatches type-product post-103934 status-publish outofstock product_cat-livro product_cat-livros-livro has-post-thumbnail product-type-simple\" data-loop=\"1\" data-id=\"103934\">\n\t\n\t\n<div class=\"product-wrapper\">\n\t<div class=\"content-product-imagin\"><\/div>\n\t<div class=\"product-element-top wd-quick-shop\">\n\t\t<a href=\"https:\/\/www.irdin.org.br\/site\/produtos\/chemin-de-croix\/\" class=\"product-image-link\" tabindex=\"-1\" aria-label=\"Chemin de Croix &#8211; Chemin \u00c9ternel pour les C\u0153urs\">\n\t\t\t<div class=\"product-labels labels-rectangular\"><span class=\"out-of-stock product-label\">Vendido<\/span><\/div><img loading=\"lazy\" decoding=\"async\" width=\"247\" height=\"361\" src=\"https:\/\/www.irdin.org.br\/site\/wp-content\/uploads\/2023\/05\/Chemin-de-Croix-247x361.png\" class=\"attachment-woocommerce_thumbnail size-woocommerce_thumbnail\" alt=\"Chemin de Croix\" srcset=\"https:\/\/www.irdin.org.br\/site\/wp-content\/uploads\/2023\/05\/Chemin-de-Croix-247x361.png 247w, https:\/\/www.irdin.org.br\/site\/wp-content\/uploads\/2023\/05\/Chemin-de-Croix-206x300.png 206w, https:\/\/www.irdin.org.br\/site\/wp-content\/uploads\/2023\/05\/Chemin-de-Croix-400x584.png 400w, https:\/\/www.irdin.org.br\/site\/wp-content\/uploads\/2023\/05\/Chemin-de-Croix-367x536.png 367w, https:\/\/www.irdin.org.br\/site\/wp-content\/uploads\/2023\/05\/Chemin-de-Croix.png 411w\" sizes=\"auto, (max-width: 247px) 100vw, 247px\" \/>\t\t<\/a>\n\n\t\t\n\t\t<div class=\"wrapp-swatches\"><\/div>\n\t<\/div>\n\n\t<div class=\"product-element-bottom product-information\">\n\t\t<h3 class=\"wd-entities-title\"><a href=\"https:\/\/www.irdin.org.br\/site\/produtos\/chemin-de-croix\/\">Chemin de Croix &#8211; Chemin \u00c9ternel pour les C\u0153urs<\/a><\/h3>\t\t\t\t<div class=\"wd-product-cats\">\n\t\t\t<a href=\"https:\/\/www.irdin.org.br\/site\/categoria-produto\/livro\/\" rel=\"tag\">Livro<\/a>, <a href=\"https:\/\/www.irdin.org.br\/site\/categoria-produto\/livro\/livros-livro\/\" rel=\"tag\">Livros<\/a>\t\t<\/div>\n\t\t\t\t<div class=\"product-rating-price\">\n\t\t\t<div class=\"wrapp-product-price\">\n\t\t\t\t\n\t\t\t\t\t\t\t<\/div>\n\t\t<\/div>\n\t\t\t\t<div class=\"fade-in-block wd-scroll\">\n\t\t\t<div class=\"hover-content wd-more-desc\">\n\t\t\t\t<div class=\"hover-content-inner wd-more-desc-inner\">\n\t\t\t\t\tDans une apparition du 13 juillet 2014 aux voyants de l\u2019Ordre Gr\u00e2ce Mis\u00e9ricorde, la Vierge Marie nous a invit\u00e9s \u00e0\t\t\t\t<\/div>\n\t\t\t\t<a href=\"#\" rel=\"nofollow\" class=\"wd-more-desc-btn\" aria-label=\"Leia mais descri\u00e7\u00e3o\"><\/a>\n\t\t\t<\/div>\n\t\t\t<div class=\" wd-bottom-actions\">\n\t\t\t\t<div class=\"wrap-wishlist-button\"><\/div>\n\t\t\t\t<div class=\"wd-add-btn wd-add-btn-replace\">\n\t\t\t\t\t<a href=\"https:\/\/www.irdin.org.br\/site\/produtos\/chemin-de-croix\/\" aria-describedby=\"woocommerce_loop_add_to_cart_link_describedby_103934\" data-quantity=\"1\" class=\"button product_type_simple add-to-cart-loop\" data-product_id=\"103934\" data-product_sku=\"chemin-de-croix\" aria-label=\"Leia mais sobre &ldquo;Chemin de Croix - Chemin \u00c9ternel pour les C\u0153urs&rdquo;\" rel=\"nofollow\" data-success_message=\"\"><span>Leia mais<\/span><\/a>\t<span id=\"woocommerce_loop_add_to_cart_link_describedby_103934\" class=\"screen-reader-text\">\n\t\t\t<\/span>\n\t\t\t\t\t\t\t\t\t\t\t\t\t\t\t\t\t\t\t\t<\/div>\n\t\t\t\t<div class=\"wrap-quickview-button\">\t\t<div class=\"quick-view wd-action-btn wd-style-icon wd-quick-view-icon\">\n\t\t\t<a\n\t\t\t\thref=\"https:\/\/www.irdin.org.br\/site\/produtos\/chemin-de-croix\/\"\n\t\t\t\tclass=\"open-quick-view quick-view-button\"\n\t\t\t\trel=\"nofollow\"\n\t\t\t\tdata-id=\"103934\"\n\t\t\t\t>Olhada r\u00e1pida<\/a>\n\t\t<\/div>\n\t\t<\/div>\n\t\t\t<\/div>\n\n\t\t\t\t\t\t\n\t\t\t\t\t<\/div>\n\t<\/div>\n<\/div>\n<\/div>\n<div class=\"wd-product wd-with-labels wd-hover-base wd-hover-with-fade wd-col product-grid-item product product-no-swatches type-product post-110107 status-publish instock product_cat-livro product_cat-livros-livro product_tag-destaque has-post-thumbnail featured purchasable product-type-simple\" data-loop=\"2\" data-id=\"110107\">\n\t\n\t\n<div class=\"product-wrapper\">\n\t<div class=\"content-product-imagin\"><\/div>\n\t<div class=\"product-element-top wd-quick-shop\">\n\t\t<a href=\"https:\/\/www.irdin.org.br\/site\/produtos\/da-origem-a-origem\/\" class=\"product-image-link\" tabindex=\"-1\" aria-label=\"Da Origem \u00e0 Origem &#8211; Hist\u00f3ria e Vida de S\u00e3o Jos\u00e9: A Hist\u00f3ria do Cora\u00e7\u00e3o Humano\">\n\t\t\t<div class=\"product-labels labels-rectangular\"><span class=\"featured product-label\">Quente<\/span><\/div><img loading=\"lazy\" decoding=\"async\" width=\"411\" height=\"600\" src=\"https:\/\/www.irdin.org.br\/site\/wp-content\/uploads\/2025\/12\/Da-Origem-a-Origem.png\" class=\"attachment-woocommerce_thumbnail size-woocommerce_thumbnail\" alt=\"\" srcset=\"https:\/\/www.irdin.org.br\/site\/wp-content\/uploads\/2025\/12\/Da-Origem-a-Origem.png 411w, https:\/\/www.irdin.org.br\/site\/wp-content\/uploads\/2025\/12\/Da-Origem-a-Origem-206x300.png 206w, https:\/\/www.irdin.org.br\/site\/wp-content\/uploads\/2025\/12\/Da-Origem-a-Origem-150x219.png 150w\" sizes=\"auto, (max-width: 411px) 100vw, 411px\" \/>\t\t<\/a>\n\n\t\t\n\t\t<div class=\"wrapp-swatches\"><\/div>\n\t<\/div>\n\n\t<div class=\"product-element-bottom product-information\">\n\t\t<h3 class=\"wd-entities-title\"><a href=\"https:\/\/www.irdin.org.br\/site\/produtos\/da-origem-a-origem\/\">Da Origem \u00e0 Origem &#8211; Hist\u00f3ria e Vida de S\u00e3o Jos\u00e9: A Hist\u00f3ria do Cora\u00e7\u00e3o Humano<\/a><\/h3>\t\t\t\t<div class=\"wd-product-cats\">\n\t\t\t<a href=\"https:\/\/www.irdin.org.br\/site\/categoria-produto\/livro\/\" rel=\"tag\">Livro<\/a>, <a href=\"https:\/\/www.irdin.org.br\/site\/categoria-produto\/livro\/livros-livro\/\" rel=\"tag\">Livros<\/a>\t\t<\/div>\n\t\t\t\t<div class=\"product-rating-price\">\n\t\t\t<div class=\"wrapp-product-price\">\n\t\t\t\t\n\t<span class=\"price\"><span class=\"woocommerce-Price-amount amount\"><bdi><span class=\"woocommerce-Price-currencySymbol\">&#82;&#36;<\/span>&nbsp;90,00<\/bdi><\/span><\/span>\n\t\t\t\t\t\t\t<\/div>\n\t\t<\/div>\n\t\t\t\t<div class=\"fade-in-block wd-scroll\">\n\t\t\t<div class=\"hover-content wd-more-desc\">\n\t\t\t\t<div class=\"hover-content-inner wd-more-desc-inner\">\n\t\t\t\t\tEsta \u00e9 uma obra em que o amado Instrutor Divino nos conta Sua hist\u00f3ria, atrav\u00e9s de mensagens di\u00e1rias transmitidas por\t\t\t\t<\/div>\n\t\t\t\t<a href=\"#\" rel=\"nofollow\" class=\"wd-more-desc-btn\" aria-label=\"Leia mais descri\u00e7\u00e3o\"><\/a>\n\t\t\t<\/div>\n\t\t\t<div class=\" wd-bottom-actions\">\n\t\t\t\t<div class=\"wrap-wishlist-button\"><\/div>\n\t\t\t\t<div class=\"wd-add-btn wd-add-btn-replace\">\n\t\t\t\t\t<a href=\"\/site\/wp-json\/wp\/v2\/posts\/103417?add-to-cart=110107\" aria-describedby=\"woocommerce_loop_add_to_cart_link_describedby_110107\" data-quantity=\"1\" class=\"button product_type_simple add_to_cart_button ajax_add_to_cart add-to-cart-loop\" data-product_id=\"110107\" data-product_sku=\"9786588468913\" aria-label=\"Adicione ao carrinho: &ldquo;Da Origem \u00e0 Origem - Hist\u00f3ria e Vida de S\u00e3o Jos\u00e9: A Hist\u00f3ria do Cora\u00e7\u00e3o Humano&rdquo;\" rel=\"nofollow\" data-success_message=\"\u201cDa Origem \u00e0 Origem - Hist\u00f3ria e Vida de S\u00e3o Jos\u00e9: A Hist\u00f3ria do Cora\u00e7\u00e3o Humano\u201d foi adicionado ao seu carrinho\"><span>Adicionar ao carrinho<\/span><\/a>\t<span id=\"woocommerce_loop_add_to_cart_link_describedby_110107\" class=\"screen-reader-text\">\n\t\t\t<\/span>\n\t\t\t\t\t\t\t\t\t\t\t\t\t\t\t\t\t\t\t\t<\/div>\n\t\t\t\t<div class=\"wrap-quickview-button\">\t\t<div class=\"quick-view wd-action-btn wd-style-icon wd-quick-view-icon\">\n\t\t\t<a\n\t\t\t\thref=\"https:\/\/www.irdin.org.br\/site\/produtos\/da-origem-a-origem\/\"\n\t\t\t\tclass=\"open-quick-view quick-view-button\"\n\t\t\t\trel=\"nofollow\"\n\t\t\t\tdata-id=\"110107\"\n\t\t\t\t>Olhada r\u00e1pida<\/a>\n\t\t<\/div>\n\t\t<\/div>\n\t\t\t<\/div>\n\n\t\t\t\t\t\t\n\t\t\t\t\t<\/div>\n\t<\/div>\n<\/div>\n<\/div>\n<div class=\"wd-product wd-with-labels wd-hover-base wd-hover-with-fade wd-col product-grid-item product product-no-swatches type-product post-110119 status-publish outofstock product_cat-livro product_cat-livros-livro product_tag-lancamento has-post-thumbnail purchasable product-type-simple\" data-loop=\"3\" data-id=\"110119\">\n\t\n\t\n<div class=\"product-wrapper\">\n\t<div class=\"content-product-imagin\"><\/div>\n\t<div class=\"product-element-top wd-quick-shop\">\n\t\t<a href=\"https:\/\/www.irdin.org.br\/site\/produtos\/del-origen-al-origen\/\" class=\"product-image-link\" tabindex=\"-1\" aria-label=\"Del Origen al Origen &#8211; Historia y Vida de San Jos\u00e9: La Historia del Coraz\u00f3n Humano\">\n\t\t\t<div class=\"product-labels labels-rectangular\"><span class=\"out-of-stock product-label\">Vendido<\/span><\/div><img loading=\"lazy\" decoding=\"async\" width=\"411\" height=\"600\" src=\"https:\/\/www.irdin.org.br\/site\/wp-content\/uploads\/2025\/12\/Del-Origen-al-Origen.png\" class=\"attachment-woocommerce_thumbnail size-woocommerce_thumbnail\" alt=\"\" srcset=\"https:\/\/www.irdin.org.br\/site\/wp-content\/uploads\/2025\/12\/Del-Origen-al-Origen.png 411w, https:\/\/www.irdin.org.br\/site\/wp-content\/uploads\/2025\/12\/Del-Origen-al-Origen-206x300.png 206w, https:\/\/www.irdin.org.br\/site\/wp-content\/uploads\/2025\/12\/Del-Origen-al-Origen-150x219.png 150w\" sizes=\"auto, (max-width: 411px) 100vw, 411px\" \/>\t\t<\/a>\n\n\t\t\n\t\t<div class=\"wrapp-swatches\"><\/div>\n\t<\/div>\n\n\t<div class=\"product-element-bottom product-information\">\n\t\t<h3 class=\"wd-entities-title\"><a href=\"https:\/\/www.irdin.org.br\/site\/produtos\/del-origen-al-origen\/\">Del Origen al Origen &#8211; Historia y Vida de San Jos\u00e9: La Historia del Coraz\u00f3n Humano<\/a><\/h3>\t\t\t\t<div class=\"wd-product-cats\">\n\t\t\t<a href=\"https:\/\/www.irdin.org.br\/site\/categoria-produto\/livro\/\" rel=\"tag\">Livro<\/a>, <a href=\"https:\/\/www.irdin.org.br\/site\/categoria-produto\/livro\/livros-livro\/\" rel=\"tag\">Livros<\/a>\t\t<\/div>\n\t\t\t\t<div class=\"product-rating-price\">\n\t\t\t<div class=\"wrapp-product-price\">\n\t\t\t\t\n\t<span class=\"price\"><span class=\"woocommerce-Price-amount amount\"><bdi><span class=\"woocommerce-Price-currencySymbol\">&#82;&#36;<\/span>&nbsp;90,00<\/bdi><\/span><\/span>\n\t\t\t\t\t\t\t<\/div>\n\t\t<\/div>\n\t\t\t\t<div class=\"fade-in-block wd-scroll\">\n\t\t\t<div class=\"hover-content wd-more-desc\">\n\t\t\t\t<div class=\"hover-content-inner wd-more-desc-inner\">\n\t\t\t\t\tEsta es una obra en la que el amado Instructor Divino nos cuenta Su historia, a trav\u00e9s de mensajes diarios\t\t\t\t<\/div>\n\t\t\t\t<a href=\"#\" rel=\"nofollow\" class=\"wd-more-desc-btn\" aria-label=\"Leia mais descri\u00e7\u00e3o\"><\/a>\n\t\t\t<\/div>\n\t\t\t<div class=\" wd-bottom-actions\">\n\t\t\t\t<div class=\"wrap-wishlist-button\"><\/div>\n\t\t\t\t<div class=\"wd-add-btn wd-add-btn-replace\">\n\t\t\t\t\t<a href=\"https:\/\/www.irdin.org.br\/site\/produtos\/del-origen-al-origen\/\" aria-describedby=\"woocommerce_loop_add_to_cart_link_describedby_110119\" data-quantity=\"1\" class=\"button product_type_simple add-to-cart-loop\" data-product_id=\"110119\" data-product_sku=\"del-origen-al-origen\" aria-label=\"Leia mais sobre &ldquo;Del Origen al Origen - Historia y Vida de San Jos\u00e9: La Historia del Coraz\u00f3n Humano&rdquo;\" rel=\"nofollow\" data-success_message=\"\"><span>Leia mais<\/span><\/a>\t<span id=\"woocommerce_loop_add_to_cart_link_describedby_110119\" class=\"screen-reader-text\">\n\t\t\t<\/span>\n\t\t\t\t\t\t\t\t\t\t\t\t\t\t\t\t\t\t\t\t<\/div>\n\t\t\t\t<div class=\"wrap-quickview-button\">\t\t<div class=\"quick-view wd-action-btn wd-style-icon wd-quick-view-icon\">\n\t\t\t<a\n\t\t\t\thref=\"https:\/\/www.irdin.org.br\/site\/produtos\/del-origen-al-origen\/\"\n\t\t\t\tclass=\"open-quick-view quick-view-button\"\n\t\t\t\trel=\"nofollow\"\n\t\t\t\tdata-id=\"110119\"\n\t\t\t\t>Olhada r\u00e1pida<\/a>\n\t\t<\/div>\n\t\t<\/div>\n\t\t\t<\/div>\n\n\t\t\t\t\t\t\n\t\t\t\t\t<\/div>\n\t<\/div>\n<\/div>\n<\/div>\n<div class=\"wd-product wd-hover-base wd-hover-with-fade wd-col product-grid-item product product-no-swatches type-product post-89599 status-publish instock product_cat-livro product_cat-livros-livro has-post-thumbnail purchasable product-type-simple\" data-loop=\"4\" data-id=\"89599\">\n\t\n\t\n<div class=\"product-wrapper\">\n\t<div class=\"content-product-imagin\"><\/div>\n\t<div class=\"product-element-top wd-quick-shop\">\n\t\t<a href=\"https:\/\/www.irdin.org.br\/site\/produtos\/9786588468302\/\" class=\"product-image-link\" tabindex=\"-1\" aria-label=\"Di\u00e1logos de uma alma com Deus\">\n\t\t\t<img loading=\"lazy\" decoding=\"async\" width=\"247\" height=\"361\" src=\"https:\/\/www.irdin.org.br\/site\/wp-content\/uploads\/2022\/12\/Dialogos_de_uma_Alma_com_Deus-247x361.jpg\" class=\"attachment-woocommerce_thumbnail size-woocommerce_thumbnail\" alt=\"\" srcset=\"https:\/\/www.irdin.org.br\/site\/wp-content\/uploads\/2022\/12\/Dialogos_de_uma_Alma_com_Deus-247x361.jpg 247w, https:\/\/www.irdin.org.br\/site\/wp-content\/uploads\/2022\/12\/Dialogos_de_uma_Alma_com_Deus-150x219.jpg 150w, https:\/\/www.irdin.org.br\/site\/wp-content\/uploads\/2022\/12\/Dialogos_de_uma_Alma_com_Deus-206x300.jpg 206w, https:\/\/www.irdin.org.br\/site\/wp-content\/uploads\/2022\/12\/Dialogos_de_uma_Alma_com_Deus-400x584.jpg 400w, https:\/\/www.irdin.org.br\/site\/wp-content\/uploads\/2022\/12\/Dialogos_de_uma_Alma_com_Deus-367x536.jpg 367w, https:\/\/www.irdin.org.br\/site\/wp-content\/uploads\/2022\/12\/Dialogos_de_uma_Alma_com_Deus.jpg 411w\" sizes=\"auto, (max-width: 247px) 100vw, 247px\" \/>\t\t<\/a>\n\n\t\t\n\t\t<div class=\"wrapp-swatches\"><\/div>\n\t<\/div>\n\n\t<div class=\"product-element-bottom product-information\">\n\t\t<h3 class=\"wd-entities-title\"><a href=\"https:\/\/www.irdin.org.br\/site\/produtos\/9786588468302\/\">Di\u00e1logos de uma alma com Deus<\/a><\/h3>\t\t\t\t<div class=\"wd-product-cats\">\n\t\t\t<a href=\"https:\/\/www.irdin.org.br\/site\/categoria-produto\/livro\/\" rel=\"tag\">Livro<\/a>, <a href=\"https:\/\/www.irdin.org.br\/site\/categoria-produto\/livro\/livros-livro\/\" rel=\"tag\">Livros<\/a>\t\t<\/div>\n\t\t\t\t<div class=\"product-rating-price\">\n\t\t\t<div class=\"wrapp-product-price\">\n\t\t\t\t\n\t<span class=\"price\"><span class=\"woocommerce-Price-amount amount\"><bdi><span class=\"woocommerce-Price-currencySymbol\">&#82;&#36;<\/span>&nbsp;40,00<\/bdi><\/span><\/span>\n\t\t\t\t\t\t\t<\/div>\n\t\t<\/div>\n\t\t\t\t<div class=\"fade-in-block wd-scroll\">\n\t\t\t<div class=\"hover-content wd-more-desc\">\n\t\t\t\t<div class=\"hover-content-inner wd-more-desc-inner\">\n\t\t\t\t\t\u201cAbre teu cora\u00e7\u00e3o para perceber o que Deus espera de ti. Recebe sempre Suas palavras, colocando-as em teu pr\u00f3prio ser,\t\t\t\t<\/div>\n\t\t\t\t<a href=\"#\" rel=\"nofollow\" class=\"wd-more-desc-btn\" aria-label=\"Leia mais descri\u00e7\u00e3o\"><\/a>\n\t\t\t<\/div>\n\t\t\t<div class=\" wd-bottom-actions\">\n\t\t\t\t<div class=\"wrap-wishlist-button\"><\/div>\n\t\t\t\t<div class=\"wd-add-btn wd-add-btn-replace\">\n\t\t\t\t\t<a href=\"\/site\/wp-json\/wp\/v2\/posts\/103417?add-to-cart=89599\" aria-describedby=\"woocommerce_loop_add_to_cart_link_describedby_89599\" data-quantity=\"1\" class=\"button product_type_simple add_to_cart_button ajax_add_to_cart add-to-cart-loop\" data-product_id=\"89599\" data-product_sku=\"9786588468302\" aria-label=\"Adicione ao carrinho: &ldquo;Di\u00e1logos de uma alma com Deus&rdquo;\" rel=\"nofollow\" data-success_message=\"\u201cDi\u00e1logos de uma alma com Deus\u201d foi adicionado ao seu carrinho\"><span>Adicionar ao carrinho<\/span><\/a>\t<span id=\"woocommerce_loop_add_to_cart_link_describedby_89599\" class=\"screen-reader-text\">\n\t\t\t<\/span>\n\t\t\t\t\t\t\t\t\t\t\t\t\t\t\t\t\t\t\t\t<\/div>\n\t\t\t\t<div class=\"wrap-quickview-button\">\t\t<div class=\"quick-view wd-action-btn wd-style-icon wd-quick-view-icon\">\n\t\t\t<a\n\t\t\t\thref=\"https:\/\/www.irdin.org.br\/site\/produtos\/9786588468302\/\"\n\t\t\t\tclass=\"open-quick-view quick-view-button\"\n\t\t\t\trel=\"nofollow\"\n\t\t\t\tdata-id=\"89599\"\n\t\t\t\t>Olhada r\u00e1pida<\/a>\n\t\t<\/div>\n\t\t<\/div>\n\t\t\t<\/div>\n\n\t\t\t\t\t\t\n\t\t\t\t\t<\/div>\n\t<\/div>\n<\/div>\n<\/div>\n<div class=\"wd-product wd-hover-base wd-hover-with-fade wd-col product-grid-item product product-no-swatches type-product post-89593 status-publish last instock product_cat-livro product_cat-livros-livro has-post-thumbnail purchasable product-type-simple\" data-loop=\"5\" data-id=\"89593\">\n\t\n\t\n<div class=\"product-wrapper\">\n\t<div class=\"content-product-imagin\"><\/div>\n\t<div class=\"product-element-top wd-quick-shop\">\n\t\t<a href=\"https:\/\/www.irdin.org.br\/site\/produtos\/9786588468319\/\" class=\"product-image-link\" tabindex=\"-1\" aria-label=\"Di\u00e1logos de un alma con Dios\">\n\t\t\t<img loading=\"lazy\" decoding=\"async\" width=\"247\" height=\"361\" src=\"https:\/\/www.irdin.org.br\/site\/wp-content\/uploads\/2022\/12\/Dialogos_de_un_Alma_con_Dios-1-247x361.png\" class=\"attachment-woocommerce_thumbnail size-woocommerce_thumbnail\" alt=\"\" srcset=\"https:\/\/www.irdin.org.br\/site\/wp-content\/uploads\/2022\/12\/Dialogos_de_un_Alma_con_Dios-1-247x361.png 247w, https:\/\/www.irdin.org.br\/site\/wp-content\/uploads\/2022\/12\/Dialogos_de_un_Alma_con_Dios-1-150x219.png 150w, https:\/\/www.irdin.org.br\/site\/wp-content\/uploads\/2022\/12\/Dialogos_de_un_Alma_con_Dios-1-206x300.png 206w, https:\/\/www.irdin.org.br\/site\/wp-content\/uploads\/2022\/12\/Dialogos_de_un_Alma_con_Dios-1-400x584.png 400w, https:\/\/www.irdin.org.br\/site\/wp-content\/uploads\/2022\/12\/Dialogos_de_un_Alma_con_Dios-1-367x536.png 367w, https:\/\/www.irdin.org.br\/site\/wp-content\/uploads\/2022\/12\/Dialogos_de_un_Alma_con_Dios-1.png 411w\" sizes=\"auto, (max-width: 247px) 100vw, 247px\" \/>\t\t<\/a>\n\n\t\t\n\t\t<div class=\"wrapp-swatches\"><\/div>\n\t<\/div>\n\n\t<div class=\"product-element-bottom product-information\">\n\t\t<h3 class=\"wd-entities-title\"><a href=\"https:\/\/www.irdin.org.br\/site\/produtos\/9786588468319\/\">Di\u00e1logos de un alma con Dios<\/a><\/h3>\t\t\t\t<div class=\"wd-product-cats\">\n\t\t\t<a href=\"https:\/\/www.irdin.org.br\/site\/categoria-produto\/livro\/\" rel=\"tag\">Livro<\/a>, <a href=\"https:\/\/www.irdin.org.br\/site\/categoria-produto\/livro\/livros-livro\/\" rel=\"tag\">Livros<\/a>\t\t<\/div>\n\t\t\t\t<div class=\"product-rating-price\">\n\t\t\t<div class=\"wrapp-product-price\">\n\t\t\t\t\n\t<span class=\"price\"><span class=\"woocommerce-Price-amount amount\"><bdi><span class=\"woocommerce-Price-currencySymbol\">&#82;&#36;<\/span>&nbsp;40,00<\/bdi><\/span><\/span>\n\t\t\t\t\t\t\t<\/div>\n\t\t<\/div>\n\t\t\t\t<div class=\"fade-in-block wd-scroll\">\n\t\t\t<div class=\"hover-content wd-more-desc\">\n\t\t\t\t<div class=\"hover-content-inner wd-more-desc-inner\">\n\t\t\t\t\t&#8220;Abre tu coraz\u00f3n para percibir lo que Dios aspira de ti. Recibe siempre Sus Palabras, coloc\u00e1ndolas en tu propio ser,\t\t\t\t<\/div>\n\t\t\t\t<a href=\"#\" rel=\"nofollow\" class=\"wd-more-desc-btn\" aria-label=\"Leia mais descri\u00e7\u00e3o\"><\/a>\n\t\t\t<\/div>\n\t\t\t<div class=\" wd-bottom-actions\">\n\t\t\t\t<div class=\"wrap-wishlist-button\"><\/div>\n\t\t\t\t<div class=\"wd-add-btn wd-add-btn-replace\">\n\t\t\t\t\t<a href=\"\/site\/wp-json\/wp\/v2\/posts\/103417?add-to-cart=89593\" aria-describedby=\"woocommerce_loop_add_to_cart_link_describedby_89593\" data-quantity=\"1\" class=\"button product_type_simple add_to_cart_button ajax_add_to_cart add-to-cart-loop\" data-product_id=\"89593\" data-product_sku=\"9786588468319\" aria-label=\"Adicione ao carrinho: &ldquo;Di\u00e1logos de un alma con Dios&rdquo;\" rel=\"nofollow\" data-success_message=\"\u201cDi\u00e1logos de un alma con Dios\u201d foi adicionado ao seu carrinho\"><span>Adicionar ao carrinho<\/span><\/a>\t<span id=\"woocommerce_loop_add_to_cart_link_describedby_89593\" class=\"screen-reader-text\">\n\t\t\t<\/span>\n\t\t\t\t\t\t\t\t\t\t\t\t\t\t\t\t\t\t\t\t<\/div>\n\t\t\t\t<div class=\"wrap-quickview-button\">\t\t<div class=\"quick-view wd-action-btn wd-style-icon wd-quick-view-icon\">\n\t\t\t<a\n\t\t\t\thref=\"https:\/\/www.irdin.org.br\/site\/produtos\/9786588468319\/\"\n\t\t\t\tclass=\"open-quick-view quick-view-button\"\n\t\t\t\trel=\"nofollow\"\n\t\t\t\tdata-id=\"89593\"\n\t\t\t\t>Olhada r\u00e1pida<\/a>\n\t\t<\/div>\n\t\t<\/div>\n\t\t\t<\/div>\n\n\t\t\t\t\t\t\n\t\t\t\t\t<\/div>\n\t<\/div>\n<\/div>\n<\/div>\n<div class=\"wd-product wd-with-labels wd-hover-base wd-hover-with-fade wd-col product-grid-item product product-no-swatches type-product post-103847 status-publish first outofstock product_cat-livro product_cat-livros-livro has-post-thumbnail product-type-simple\" data-loop=\"6\" data-id=\"103847\">\n\t\n\t\n<div class=\"product-wrapper\">\n\t<div class=\"content-product-imagin\"><\/div>\n\t<div class=\"product-element-top wd-quick-shop\">\n\t\t<a href=\"https:\/\/www.irdin.org.br\/site\/produtos\/dialogues-d-une-ame-avec-dieu\/\" class=\"product-image-link\" tabindex=\"-1\" aria-label=\"Dialogues d\u2019une \u00e2me avec Dieu\">\n\t\t\t<div class=\"product-labels labels-rectangular\"><span class=\"out-of-stock product-label\">Vendido<\/span><\/div><img loading=\"lazy\" decoding=\"async\" width=\"247\" height=\"361\" src=\"https:\/\/www.irdin.org.br\/site\/wp-content\/uploads\/2023\/04\/Dialogues-d-une-ame-avec-Dieu-1-2-1-247x361.png\" class=\"attachment-woocommerce_thumbnail size-woocommerce_thumbnail\" alt=\"\" srcset=\"https:\/\/www.irdin.org.br\/site\/wp-content\/uploads\/2023\/04\/Dialogues-d-une-ame-avec-Dieu-1-2-1-247x361.png 247w, https:\/\/www.irdin.org.br\/site\/wp-content\/uploads\/2023\/04\/Dialogues-d-une-ame-avec-Dieu-1-2-1-206x300.png 206w, https:\/\/www.irdin.org.br\/site\/wp-content\/uploads\/2023\/04\/Dialogues-d-une-ame-avec-Dieu-1-2-1-400x584.png 400w, https:\/\/www.irdin.org.br\/site\/wp-content\/uploads\/2023\/04\/Dialogues-d-une-ame-avec-Dieu-1-2-1-367x536.png 367w, https:\/\/www.irdin.org.br\/site\/wp-content\/uploads\/2023\/04\/Dialogues-d-une-ame-avec-Dieu-1-2-1.png 411w\" sizes=\"auto, (max-width: 247px) 100vw, 247px\" \/>\t\t<\/a>\n\n\t\t\n\t\t<div class=\"wrapp-swatches\"><\/div>\n\t<\/div>\n\n\t<div class=\"product-element-bottom product-information\">\n\t\t<h3 class=\"wd-entities-title\"><a href=\"https:\/\/www.irdin.org.br\/site\/produtos\/dialogues-d-une-ame-avec-dieu\/\">Dialogues d\u2019une \u00e2me avec Dieu<\/a><\/h3>\t\t\t\t<div class=\"wd-product-cats\">\n\t\t\t<a href=\"https:\/\/www.irdin.org.br\/site\/categoria-produto\/livro\/\" rel=\"tag\">Livro<\/a>, <a href=\"https:\/\/www.irdin.org.br\/site\/categoria-produto\/livro\/livros-livro\/\" rel=\"tag\">Livros<\/a>\t\t<\/div>\n\t\t\t\t<div class=\"product-rating-price\">\n\t\t\t<div class=\"wrapp-product-price\">\n\t\t\t\t\n\t\t\t\t\t\t\t<\/div>\n\t\t<\/div>\n\t\t\t\t<div class=\"fade-in-block wd-scroll\">\n\t\t\t<div class=\"hover-content wd-more-desc\">\n\t\t\t\t<div class=\"hover-content-inner wd-more-desc-inner\">\n\t\t\t\t\tDans ces dialogues transmis par Saint Joseph, le Tr\u00e8s Chaste, les \u00e2mes pourront s\u2019approcher du P\u00e8re \u00c9ternel d\u2019une mani\u00e8re simple,\t\t\t\t<\/div>\n\t\t\t\t<a href=\"#\" rel=\"nofollow\" class=\"wd-more-desc-btn\" aria-label=\"Leia mais descri\u00e7\u00e3o\"><\/a>\n\t\t\t<\/div>\n\t\t\t<div class=\" wd-bottom-actions\">\n\t\t\t\t<div class=\"wrap-wishlist-button\"><\/div>\n\t\t\t\t<div class=\"wd-add-btn wd-add-btn-replace\">\n\t\t\t\t\t<a href=\"https:\/\/www.irdin.org.br\/site\/produtos\/dialogues-d-une-ame-avec-dieu\/\" aria-describedby=\"woocommerce_loop_add_to_cart_link_describedby_103847\" data-quantity=\"1\" class=\"button product_type_simple add-to-cart-loop\" data-product_id=\"103847\" data-product_sku=\"dialogues-d-une-ame-avec-dieu\" aria-label=\"Leia mais sobre &ldquo;Dialogues d\u2019une \u00e2me avec Dieu&rdquo;\" rel=\"nofollow\" data-success_message=\"\"><span>Leia mais<\/span><\/a>\t<span id=\"woocommerce_loop_add_to_cart_link_describedby_103847\" class=\"screen-reader-text\">\n\t\t\t<\/span>\n\t\t\t\t\t\t\t\t\t\t\t\t\t\t\t\t\t\t\t\t<\/div>\n\t\t\t\t<div class=\"wrap-quickview-button\">\t\t<div class=\"quick-view wd-action-btn wd-style-icon wd-quick-view-icon\">\n\t\t\t<a\n\t\t\t\thref=\"https:\/\/www.irdin.org.br\/site\/produtos\/dialogues-d-une-ame-avec-dieu\/\"\n\t\t\t\tclass=\"open-quick-view quick-view-button\"\n\t\t\t\trel=\"nofollow\"\n\t\t\t\tdata-id=\"103847\"\n\t\t\t\t>Olhada r\u00e1pida<\/a>\n\t\t<\/div>\n\t\t<\/div>\n\t\t\t<\/div>\n\n\t\t\t\t\t\t\n\t\t\t\t\t<\/div>\n\t<\/div>\n<\/div>\n<\/div>\n<div class=\"wd-product wd-with-labels wd-hover-base wd-hover-with-fade wd-col product-grid-item product product-no-swatches type-product post-103930 status-publish outofstock product_cat-livro product_cat-livros-livro has-post-thumbnail product-type-simple\" data-loop=\"7\" data-id=\"103930\">\n\t\n\t\n<div class=\"product-wrapper\">\n\t<div class=\"content-product-imagin\"><\/div>\n\t<div class=\"product-element-top wd-quick-shop\">\n\t\t<a href=\"https:\/\/www.irdin.org.br\/site\/produtos\/dialogues-of-a-soul-with-god\/\" class=\"product-image-link\" tabindex=\"-1\" aria-label=\"Dialogues of a Soul with God\">\n\t\t\t<div class=\"product-labels labels-rectangular\"><span class=\"out-of-stock product-label\">Vendido<\/span><\/div><img loading=\"lazy\" decoding=\"async\" width=\"247\" height=\"361\" src=\"https:\/\/www.irdin.org.br\/site\/wp-content\/uploads\/2023\/05\/Dialogue-247x361.png\" class=\"attachment-woocommerce_thumbnail size-woocommerce_thumbnail\" alt=\"Dialogues of a Soul with God\" srcset=\"https:\/\/www.irdin.org.br\/site\/wp-content\/uploads\/2023\/05\/Dialogue-247x361.png 247w, https:\/\/www.irdin.org.br\/site\/wp-content\/uploads\/2023\/05\/Dialogue-206x300.png 206w, https:\/\/www.irdin.org.br\/site\/wp-content\/uploads\/2023\/05\/Dialogue-400x584.png 400w, https:\/\/www.irdin.org.br\/site\/wp-content\/uploads\/2023\/05\/Dialogue-367x536.png 367w, https:\/\/www.irdin.org.br\/site\/wp-content\/uploads\/2023\/05\/Dialogue.png 411w\" sizes=\"auto, (max-width: 247px) 100vw, 247px\" \/>\t\t<\/a>\n\n\t\t\n\t\t<div class=\"wrapp-swatches\"><\/div>\n\t<\/div>\n\n\t<div class=\"product-element-bottom product-information\">\n\t\t<h3 class=\"wd-entities-title\"><a href=\"https:\/\/www.irdin.org.br\/site\/produtos\/dialogues-of-a-soul-with-god\/\">Dialogues of a Soul with God<\/a><\/h3>\t\t\t\t<div class=\"wd-product-cats\">\n\t\t\t<a href=\"https:\/\/www.irdin.org.br\/site\/categoria-produto\/livro\/\" rel=\"tag\">Livro<\/a>, <a href=\"https:\/\/www.irdin.org.br\/site\/categoria-produto\/livro\/livros-livro\/\" rel=\"tag\">Livros<\/a>\t\t<\/div>\n\t\t\t\t<div class=\"product-rating-price\">\n\t\t\t<div class=\"wrapp-product-price\">\n\t\t\t\t\n\t\t\t\t\t\t\t<\/div>\n\t\t<\/div>\n\t\t\t\t<div class=\"fade-in-block wd-scroll\">\n\t\t\t<div class=\"hover-content wd-more-desc\">\n\t\t\t\t<div class=\"hover-content-inner wd-more-desc-inner\">\n\t\t\t\t\tIn these dialogues, transmitted by the Most Chaste Saint Joseph, souls will be able to approach the Eternal Father in\t\t\t\t<\/div>\n\t\t\t\t<a href=\"#\" rel=\"nofollow\" class=\"wd-more-desc-btn\" aria-label=\"Leia mais descri\u00e7\u00e3o\"><\/a>\n\t\t\t<\/div>\n\t\t\t<div class=\" wd-bottom-actions\">\n\t\t\t\t<div class=\"wrap-wishlist-button\"><\/div>\n\t\t\t\t<div class=\"wd-add-btn wd-add-btn-replace\">\n\t\t\t\t\t<a href=\"https:\/\/www.irdin.org.br\/site\/produtos\/dialogues-of-a-soul-with-god\/\" aria-describedby=\"woocommerce_loop_add_to_cart_link_describedby_103930\" data-quantity=\"1\" class=\"button product_type_simple add-to-cart-loop\" data-product_id=\"103930\" data-product_sku=\"dialogues-of-a-soul-with-god\" aria-label=\"Leia mais sobre &ldquo;Dialogues of a Soul with God&rdquo;\" rel=\"nofollow\" data-success_message=\"\"><span>Leia mais<\/span><\/a>\t<span id=\"woocommerce_loop_add_to_cart_link_describedby_103930\" class=\"screen-reader-text\">\n\t\t\t<\/span>\n\t\t\t\t\t\t\t\t\t\t\t\t\t\t\t\t\t\t\t\t<\/div>\n\t\t\t\t<div class=\"wrap-quickview-button\">\t\t<div class=\"quick-view wd-action-btn wd-style-icon wd-quick-view-icon\">\n\t\t\t<a\n\t\t\t\thref=\"https:\/\/www.irdin.org.br\/site\/produtos\/dialogues-of-a-soul-with-god\/\"\n\t\t\t\tclass=\"open-quick-view quick-view-button\"\n\t\t\t\trel=\"nofollow\"\n\t\t\t\tdata-id=\"103930\"\n\t\t\t\t>Olhada r\u00e1pida<\/a>\n\t\t<\/div>\n\t\t<\/div>\n\t\t\t<\/div>\n\n\t\t\t\t\t\t\n\t\t\t\t\t<\/div>\n\t<\/div>\n<\/div>\n<\/div>\n<div class=\"wd-product wd-with-labels wd-hover-base wd-hover-with-fade wd-col product-grid-item product product-no-swatches type-product post-110133 status-publish outofstock product_cat-livro product_cat-livros-livro product_tag-lancamento has-post-thumbnail product-type-simple\" data-loop=\"8\" data-id=\"110133\">\n\t\n\t\n<div class=\"product-wrapper\">\n\t<div class=\"content-product-imagin\"><\/div>\n\t<div class=\"product-element-top wd-quick-shop\">\n\t\t<a href=\"https:\/\/www.irdin.org.br\/site\/produtos\/from-the-origin-to-the-origin\/\" class=\"product-image-link\" tabindex=\"-1\" aria-label=\"From The Origin to the Origin &#8211; The Story and Life of Saint Joseph: The Story of the Human Heart\">\n\t\t\t<div class=\"product-labels labels-rectangular\"><span class=\"out-of-stock product-label\">Vendido<\/span><\/div><img loading=\"lazy\" decoding=\"async\" width=\"411\" height=\"600\" src=\"https:\/\/www.irdin.org.br\/site\/wp-content\/uploads\/2025\/12\/From-The-Origin-to-The-Origin.png\" class=\"attachment-woocommerce_thumbnail size-woocommerce_thumbnail\" alt=\"\" srcset=\"https:\/\/www.irdin.org.br\/site\/wp-content\/uploads\/2025\/12\/From-The-Origin-to-The-Origin.png 411w, https:\/\/www.irdin.org.br\/site\/wp-content\/uploads\/2025\/12\/From-The-Origin-to-The-Origin-206x300.png 206w, https:\/\/www.irdin.org.br\/site\/wp-content\/uploads\/2025\/12\/From-The-Origin-to-The-Origin-150x219.png 150w\" sizes=\"auto, (max-width: 411px) 100vw, 411px\" \/>\t\t<\/a>\n\n\t\t\n\t\t<div class=\"wrapp-swatches\"><\/div>\n\t<\/div>\n\n\t<div class=\"product-element-bottom product-information\">\n\t\t<h3 class=\"wd-entities-title\"><a href=\"https:\/\/www.irdin.org.br\/site\/produtos\/from-the-origin-to-the-origin\/\">From The Origin to the Origin &#8211; The Story and Life of Saint Joseph: The Story of the Human Heart<\/a><\/h3>\t\t\t\t<div class=\"wd-product-cats\">\n\t\t\t<a href=\"https:\/\/www.irdin.org.br\/site\/categoria-produto\/livro\/\" rel=\"tag\">Livro<\/a>, <a href=\"https:\/\/www.irdin.org.br\/site\/categoria-produto\/livro\/livros-livro\/\" rel=\"tag\">Livros<\/a>\t\t<\/div>\n\t\t\t\t<div class=\"product-rating-price\">\n\t\t\t<div class=\"wrapp-product-price\">\n\t\t\t\t\n\t\t\t\t\t\t\t<\/div>\n\t\t<\/div>\n\t\t\t\t<div class=\"fade-in-block wd-scroll\">\n\t\t\t<div class=\"hover-content wd-more-desc\">\n\t\t\t\t<div class=\"hover-content-inner wd-more-desc-inner\">\n\t\t\t\t\tThis is a work in which the beloved Divine Instructor tells us His story through daily messages transmitted to the\t\t\t\t<\/div>\n\t\t\t\t<a href=\"#\" rel=\"nofollow\" class=\"wd-more-desc-btn\" aria-label=\"Leia mais descri\u00e7\u00e3o\"><\/a>\n\t\t\t<\/div>\n\t\t\t<div class=\" wd-bottom-actions\">\n\t\t\t\t<div class=\"wrap-wishlist-button\"><\/div>\n\t\t\t\t<div class=\"wd-add-btn wd-add-btn-replace\">\n\t\t\t\t\t<a href=\"https:\/\/www.irdin.org.br\/site\/produtos\/from-the-origin-to-the-origin\/\" aria-describedby=\"woocommerce_loop_add_to_cart_link_describedby_110133\" data-quantity=\"1\" class=\"button product_type_simple add-to-cart-loop\" data-product_id=\"110133\" data-product_sku=\"from-the-origin-to-the-origin\" aria-label=\"Leia mais sobre &ldquo;From The Origin to the Origin - The Story and Life of Saint Joseph: The Story of the Human Heart&rdquo;\" rel=\"nofollow\" data-success_message=\"\"><span>Leia mais<\/span><\/a>\t<span id=\"woocommerce_loop_add_to_cart_link_describedby_110133\" class=\"screen-reader-text\">\n\t\t\t<\/span>\n\t\t\t\t\t\t\t\t\t\t\t\t\t\t\t\t\t\t\t\t<\/div>\n\t\t\t\t<div class=\"wrap-quickview-button\">\t\t<div class=\"quick-view wd-action-btn wd-style-icon wd-quick-view-icon\">\n\t\t\t<a\n\t\t\t\thref=\"https:\/\/www.irdin.org.br\/site\/produtos\/from-the-origin-to-the-origin\/\"\n\t\t\t\tclass=\"open-quick-view quick-view-button\"\n\t\t\t\trel=\"nofollow\"\n\t\t\t\tdata-id=\"110133\"\n\t\t\t\t>Olhada r\u00e1pida<\/a>\n\t\t<\/div>\n\t\t<\/div>\n\t\t\t<\/div>\n\n\t\t\t\t\t\t\n\t\t\t\t\t<\/div>\n\t<\/div>\n<\/div>\n<\/div>\n<div class=\"wd-product wd-hover-base wd-hover-with-fade wd-col product-grid-item product product-no-swatches type-product post-109589 status-publish instock product_cat-livro product_cat-livros-livro has-post-thumbnail purchasable product-type-simple\" data-loop=\"9\" data-id=\"109589\">\n\t\n\t\n<div class=\"product-wrapper\">\n\t<div class=\"content-product-imagin\"><\/div>\n\t<div class=\"product-element-top wd-quick-shop\">\n\t\t<a href=\"https:\/\/www.irdin.org.br\/site\/produtos\/9788554410179\/\" class=\"product-image-link\" tabindex=\"-1\" aria-label=\"Mensagens de Humildade &#8211; S\u00e3o Jos\u00e9 Cast\u00edssimo (capa dura)\">\n\t\t\t<img loading=\"lazy\" decoding=\"async\" width=\"247\" height=\"360\" src=\"https:\/\/www.irdin.org.br\/site\/wp-content\/uploads\/2019\/04\/Capa_humildade_portugues-247x360.png\" class=\"attachment-woocommerce_thumbnail size-woocommerce_thumbnail\" alt=\"\" srcset=\"https:\/\/www.irdin.org.br\/site\/wp-content\/uploads\/2019\/04\/Capa_humildade_portugues-247x360.png 247w, https:\/\/www.irdin.org.br\/site\/wp-content\/uploads\/2019\/04\/Capa_humildade_portugues-150x218.png 150w, https:\/\/www.irdin.org.br\/site\/wp-content\/uploads\/2019\/04\/Capa_humildade_portugues-206x300.png 206w, https:\/\/www.irdin.org.br\/site\/wp-content\/uploads\/2019\/04\/Capa_humildade_portugues.png 412w, https:\/\/www.irdin.org.br\/site\/wp-content\/uploads\/2019\/04\/Capa_humildade_portugues-367x534.png 367w\" sizes=\"auto, (max-width: 247px) 100vw, 247px\" \/>\t\t<\/a>\n\n\t\t\n\t\t<div class=\"wrapp-swatches\"><\/div>\n\t<\/div>\n\n\t<div class=\"product-element-bottom product-information\">\n\t\t<h3 class=\"wd-entities-title\"><a href=\"https:\/\/www.irdin.org.br\/site\/produtos\/9788554410179\/\">Mensagens de Humildade &#8211; S\u00e3o Jos\u00e9 Cast\u00edssimo (capa dura)<\/a><\/h3>\t\t\t\t<div class=\"wd-product-cats\">\n\t\t\t<a href=\"https:\/\/www.irdin.org.br\/site\/categoria-produto\/livro\/\" rel=\"tag\">Livro<\/a>, <a href=\"https:\/\/www.irdin.org.br\/site\/categoria-produto\/livro\/livros-livro\/\" rel=\"tag\">Livros<\/a>\t\t<\/div>\n\t\t\t\t<div class=\"product-rating-price\">\n\t\t\t<div class=\"wrapp-product-price\">\n\t\t\t\t\n\t<span class=\"price\"><span class=\"woocommerce-Price-amount amount\"><bdi><span class=\"woocommerce-Price-currencySymbol\">&#82;&#36;<\/span>&nbsp;50,00<\/bdi><\/span><\/span>\n\t\t\t\t\t\t\t<\/div>\n\t\t<\/div>\n\t\t\t\t<div class=\"fade-in-block wd-scroll\">\n\t\t\t<div class=\"hover-content wd-more-desc\">\n\t\t\t\t<div class=\"hover-content-inner wd-more-desc-inner\">\n\t\t\t\t\t\u201cSejam simples e alegres em tudo. Sejam conscientes neste mundo, que est\u00e1 cego. Irradiem luz para os olhos dos homens\t\t\t\t<\/div>\n\t\t\t\t<a href=\"#\" rel=\"nofollow\" class=\"wd-more-desc-btn\" aria-label=\"Leia mais descri\u00e7\u00e3o\"><\/a>\n\t\t\t<\/div>\n\t\t\t<div class=\" wd-bottom-actions\">\n\t\t\t\t<div class=\"wrap-wishlist-button\"><\/div>\n\t\t\t\t<div class=\"wd-add-btn wd-add-btn-replace\">\n\t\t\t\t\t<a href=\"\/site\/wp-json\/wp\/v2\/posts\/103417?add-to-cart=109589\" aria-describedby=\"woocommerce_loop_add_to_cart_link_describedby_109589\" data-quantity=\"1\" class=\"button product_type_simple add_to_cart_button ajax_add_to_cart add-to-cart-loop\" data-product_id=\"109589\" data-product_sku=\"9788554410179\" aria-label=\"Adicione ao carrinho: &ldquo;Mensagens de Humildade - S\u00e3o Jos\u00e9 Cast\u00edssimo (capa dura)&rdquo;\" rel=\"nofollow\" data-success_message=\"\u201cMensagens de Humildade - S\u00e3o Jos\u00e9 Cast\u00edssimo (capa dura)\u201d foi adicionado ao seu carrinho\"><span>Adicionar ao carrinho<\/span><\/a>\t<span id=\"woocommerce_loop_add_to_cart_link_describedby_109589\" class=\"screen-reader-text\">\n\t\t\t<\/span>\n\t\t\t\t\t\t\t\t\t\t\t\t\t\t\t\t\t\t\t\t<\/div>\n\t\t\t\t<div class=\"wrap-quickview-button\">\t\t<div class=\"quick-view wd-action-btn wd-style-icon wd-quick-view-icon\">\n\t\t\t<a\n\t\t\t\thref=\"https:\/\/www.irdin.org.br\/site\/produtos\/9788554410179\/\"\n\t\t\t\tclass=\"open-quick-view quick-view-button\"\n\t\t\t\trel=\"nofollow\"\n\t\t\t\tdata-id=\"109589\"\n\t\t\t\t>Olhada r\u00e1pida<\/a>\n\t\t<\/div>\n\t\t<\/div>\n\t\t\t<\/div>\n\n\t\t\t\t\t\t\n\t\t\t\t\t<\/div>\n\t<\/div>\n<\/div>\n<\/div>\n<div class=\"wd-product wd-hover-base wd-hover-with-fade wd-col product-grid-item product product-no-swatches type-product post-86442 status-publish instock product_cat-livro product_cat-livros-livro has-post-thumbnail purchasable product-type-simple\" data-loop=\"10\" data-id=\"86442\">\n\t\n\t\n<div class=\"product-wrapper\">\n\t<div class=\"content-product-imagin\"><\/div>\n\t<div class=\"product-element-top wd-quick-shop\">\n\t\t<a href=\"https:\/\/www.irdin.org.br\/site\/produtos\/9788554410186\/\" class=\"product-image-link\" tabindex=\"-1\" aria-label=\"Mensagens de Humildade &#8211; S\u00e3o Jos\u00e9 Cast\u00edssimo (capa flex\u00edvel)\">\n\t\t\t<img loading=\"lazy\" decoding=\"async\" width=\"247\" height=\"360\" src=\"https:\/\/www.irdin.org.br\/site\/wp-content\/uploads\/2019\/04\/Capa_humildade_portugues-247x360.png\" class=\"attachment-woocommerce_thumbnail size-woocommerce_thumbnail\" alt=\"\" srcset=\"https:\/\/www.irdin.org.br\/site\/wp-content\/uploads\/2019\/04\/Capa_humildade_portugues-247x360.png 247w, https:\/\/www.irdin.org.br\/site\/wp-content\/uploads\/2019\/04\/Capa_humildade_portugues-150x218.png 150w, https:\/\/www.irdin.org.br\/site\/wp-content\/uploads\/2019\/04\/Capa_humildade_portugues-206x300.png 206w, https:\/\/www.irdin.org.br\/site\/wp-content\/uploads\/2019\/04\/Capa_humildade_portugues.png 412w, https:\/\/www.irdin.org.br\/site\/wp-content\/uploads\/2019\/04\/Capa_humildade_portugues-367x534.png 367w\" sizes=\"auto, (max-width: 247px) 100vw, 247px\" \/>\t\t<\/a>\n\n\t\t\n\t\t<div class=\"wrapp-swatches\"><\/div>\n\t<\/div>\n\n\t<div class=\"product-element-bottom product-information\">\n\t\t<h3 class=\"wd-entities-title\"><a href=\"https:\/\/www.irdin.org.br\/site\/produtos\/9788554410186\/\">Mensagens de Humildade &#8211; S\u00e3o Jos\u00e9 Cast\u00edssimo (capa flex\u00edvel)<\/a><\/h3>\t\t\t\t<div class=\"wd-product-cats\">\n\t\t\t<a href=\"https:\/\/www.irdin.org.br\/site\/categoria-produto\/livro\/\" rel=\"tag\">Livro<\/a>, <a href=\"https:\/\/www.irdin.org.br\/site\/categoria-produto\/livro\/livros-livro\/\" rel=\"tag\">Livros<\/a>\t\t<\/div>\n\t\t\t\t<div class=\"product-rating-price\">\n\t\t\t<div class=\"wrapp-product-price\">\n\t\t\t\t\n\t<span class=\"price\"><span class=\"woocommerce-Price-amount amount\"><bdi><span class=\"woocommerce-Price-currencySymbol\">&#82;&#36;<\/span>&nbsp;50,00<\/bdi><\/span><\/span>\n\t\t\t\t\t\t\t<\/div>\n\t\t<\/div>\n\t\t\t\t<div class=\"fade-in-block wd-scroll\">\n\t\t\t<div class=\"hover-content wd-more-desc\">\n\t\t\t\t<div class=\"hover-content-inner wd-more-desc-inner\">\n\t\t\t\t\t\u201cSejam simples e alegres em tudo. Sejam conscientes neste mundo, que est\u00e1 cego. Irradiem luz para os olhos dos homens\t\t\t\t<\/div>\n\t\t\t\t<a href=\"#\" rel=\"nofollow\" class=\"wd-more-desc-btn\" aria-label=\"Leia mais descri\u00e7\u00e3o\"><\/a>\n\t\t\t<\/div>\n\t\t\t<div class=\" wd-bottom-actions\">\n\t\t\t\t<div class=\"wrap-wishlist-button\"><\/div>\n\t\t\t\t<div class=\"wd-add-btn wd-add-btn-replace\">\n\t\t\t\t\t<a href=\"\/site\/wp-json\/wp\/v2\/posts\/103417?add-to-cart=86442\" aria-describedby=\"woocommerce_loop_add_to_cart_link_describedby_86442\" data-quantity=\"1\" class=\"button product_type_simple add_to_cart_button ajax_add_to_cart add-to-cart-loop\" data-product_id=\"86442\" data-product_sku=\"9788554410186\" aria-label=\"Adicione ao carrinho: &ldquo;Mensagens de Humildade - S\u00e3o Jos\u00e9 Cast\u00edssimo (capa flex\u00edvel)&rdquo;\" rel=\"nofollow\" data-success_message=\"\u201cMensagens de Humildade - S\u00e3o Jos\u00e9 Cast\u00edssimo (capa flex\u00edvel)\u201d foi adicionado ao seu carrinho\"><span>Adicionar ao carrinho<\/span><\/a>\t<span id=\"woocommerce_loop_add_to_cart_link_describedby_86442\" class=\"screen-reader-text\">\n\t\t\t<\/span>\n\t\t\t\t\t\t\t\t\t\t\t\t\t\t\t\t\t\t\t\t<\/div>\n\t\t\t\t<div class=\"wrap-quickview-button\">\t\t<div class=\"quick-view wd-action-btn wd-style-icon wd-quick-view-icon\">\n\t\t\t<a\n\t\t\t\thref=\"https:\/\/www.irdin.org.br\/site\/produtos\/9788554410186\/\"\n\t\t\t\tclass=\"open-quick-view quick-view-button\"\n\t\t\t\trel=\"nofollow\"\n\t\t\t\tdata-id=\"86442\"\n\t\t\t\t>Olhada r\u00e1pida<\/a>\n\t\t<\/div>\n\t\t<\/div>\n\t\t\t<\/div>\n\n\t\t\t\t\t\t\n\t\t\t\t\t<\/div>\n\t<\/div>\n<\/div>\n<\/div>\n<div class=\"wd-product wd-hover-base wd-hover-with-fade wd-col product-grid-item product product-no-swatches type-product post-86445 status-publish last instock product_cat-livro product_cat-livros-livro has-post-thumbnail purchasable product-type-simple\" data-loop=\"11\" data-id=\"86445\">\n\t\n\t\n<div class=\"product-wrapper\">\n\t<div class=\"content-product-imagin\"><\/div>\n\t<div class=\"product-element-top wd-quick-shop\">\n\t\t<a href=\"https:\/\/www.irdin.org.br\/site\/produtos\/9788554410162\/\" class=\"product-image-link\" tabindex=\"-1\" aria-label=\"Mensajes de Humildad &#8211; San Jos\u00e9 Cast\u00edsimo (capa dura)\">\n\t\t\t<img loading=\"lazy\" decoding=\"async\" width=\"247\" height=\"360\" src=\"https:\/\/www.irdin.org.br\/site\/wp-content\/uploads\/2019\/04\/Capa_humildade_espanhol-247x360.png\" class=\"attachment-woocommerce_thumbnail size-woocommerce_thumbnail\" alt=\"\" srcset=\"https:\/\/www.irdin.org.br\/site\/wp-content\/uploads\/2019\/04\/Capa_humildade_espanhol-247x360.png 247w, https:\/\/www.irdin.org.br\/site\/wp-content\/uploads\/2019\/04\/Capa_humildade_espanhol-150x218.png 150w, https:\/\/www.irdin.org.br\/site\/wp-content\/uploads\/2019\/04\/Capa_humildade_espanhol-206x300.png 206w, https:\/\/www.irdin.org.br\/site\/wp-content\/uploads\/2019\/04\/Capa_humildade_espanhol.png 412w, https:\/\/www.irdin.org.br\/site\/wp-content\/uploads\/2019\/04\/Capa_humildade_espanhol-367x534.png 367w\" sizes=\"auto, (max-width: 247px) 100vw, 247px\" \/>\t\t<\/a>\n\n\t\t\n\t\t<div class=\"wrapp-swatches\"><\/div>\n\t<\/div>\n\n\t<div class=\"product-element-bottom product-information\">\n\t\t<h3 class=\"wd-entities-title\"><a href=\"https:\/\/www.irdin.org.br\/site\/produtos\/9788554410162\/\">Mensajes de Humildad &#8211; San Jos\u00e9 Cast\u00edsimo (capa dura)<\/a><\/h3>\t\t\t\t<div class=\"wd-product-cats\">\n\t\t\t<a href=\"https:\/\/www.irdin.org.br\/site\/categoria-produto\/livro\/\" rel=\"tag\">Livro<\/a>, <a href=\"https:\/\/www.irdin.org.br\/site\/categoria-produto\/livro\/livros-livro\/\" rel=\"tag\">Livros<\/a>\t\t<\/div>\n\t\t\t\t<div class=\"product-rating-price\">\n\t\t\t<div class=\"wrapp-product-price\">\n\t\t\t\t\n\t<span class=\"price\"><span class=\"woocommerce-Price-amount amount\"><bdi><span class=\"woocommerce-Price-currencySymbol\">&#82;&#36;<\/span>&nbsp;50,00<\/bdi><\/span><\/span>\n\t\t\t\t\t\t\t<\/div>\n\t\t<\/div>\n\t\t\t\t<div class=\"fade-in-block wd-scroll\">\n\t\t\t<div class=\"hover-content wd-more-desc\">\n\t\t\t\t<div class=\"hover-content-inner wd-more-desc-inner\">\n\t\t\t\t\t\u201cSean simples y alegres en todo. Sean conscientes en este mundo, que est\u00e1 ciego. Irradien luz a los ojos de\t\t\t\t<\/div>\n\t\t\t\t<a href=\"#\" rel=\"nofollow\" class=\"wd-more-desc-btn\" aria-label=\"Leia mais descri\u00e7\u00e3o\"><\/a>\n\t\t\t<\/div>\n\t\t\t<div class=\" wd-bottom-actions\">\n\t\t\t\t<div class=\"wrap-wishlist-button\"><\/div>\n\t\t\t\t<div class=\"wd-add-btn wd-add-btn-replace\">\n\t\t\t\t\t<a href=\"\/site\/wp-json\/wp\/v2\/posts\/103417?add-to-cart=86445\" aria-describedby=\"woocommerce_loop_add_to_cart_link_describedby_86445\" data-quantity=\"1\" class=\"button product_type_simple add_to_cart_button ajax_add_to_cart add-to-cart-loop\" data-product_id=\"86445\" data-product_sku=\"9788554410162\" aria-label=\"Adicione ao carrinho: &ldquo;Mensajes de Humildad - San Jos\u00e9 Cast\u00edsimo (capa dura)&rdquo;\" rel=\"nofollow\" data-success_message=\"\u201cMensajes de Humildad - San Jos\u00e9 Cast\u00edsimo (capa dura)\u201d foi adicionado ao seu carrinho\"><span>Adicionar ao carrinho<\/span><\/a>\t<span id=\"woocommerce_loop_add_to_cart_link_describedby_86445\" class=\"screen-reader-text\">\n\t\t\t<\/span>\n\t\t\t\t\t\t\t\t\t\t\t\t\t\t\t\t\t\t\t\t<\/div>\n\t\t\t\t<div class=\"wrap-quickview-button\">\t\t<div class=\"quick-view wd-action-btn wd-style-icon wd-quick-view-icon\">\n\t\t\t<a\n\t\t\t\thref=\"https:\/\/www.irdin.org.br\/site\/produtos\/9788554410162\/\"\n\t\t\t\tclass=\"open-quick-view quick-view-button\"\n\t\t\t\trel=\"nofollow\"\n\t\t\t\tdata-id=\"86445\"\n\t\t\t\t>Olhada r\u00e1pida<\/a>\n\t\t<\/div>\n\t\t<\/div>\n\t\t\t<\/div>\n\n\t\t\t\t\t\t\n\t\t\t\t\t<\/div>\n\t<\/div>\n<\/div>\n<\/div>\n<div class=\"wd-product wd-hover-base wd-hover-with-fade wd-col product-grid-item product product-no-swatches type-product post-109592 status-publish first instock product_cat-livro product_cat-livros-livro has-post-thumbnail purchasable product-type-simple\" data-loop=\"12\" data-id=\"109592\">\n\t\n\t\n<div class=\"product-wrapper\">\n\t<div class=\"content-product-imagin\"><\/div>\n\t<div class=\"product-element-top wd-quick-shop\">\n\t\t<a href=\"https:\/\/www.irdin.org.br\/site\/produtos\/9788554410209\/\" class=\"product-image-link\" tabindex=\"-1\" aria-label=\"Mensajes de Humildad &#8211; San Jos\u00e9 Cast\u00edsimo (capa flex\u00edvel)\">\n\t\t\t<img loading=\"lazy\" decoding=\"async\" width=\"247\" height=\"360\" src=\"https:\/\/www.irdin.org.br\/site\/wp-content\/uploads\/2019\/04\/Capa_humildade_espanhol-247x360.png\" class=\"attachment-woocommerce_thumbnail size-woocommerce_thumbnail\" alt=\"\" srcset=\"https:\/\/www.irdin.org.br\/site\/wp-content\/uploads\/2019\/04\/Capa_humildade_espanhol-247x360.png 247w, https:\/\/www.irdin.org.br\/site\/wp-content\/uploads\/2019\/04\/Capa_humildade_espanhol-150x218.png 150w, https:\/\/www.irdin.org.br\/site\/wp-content\/uploads\/2019\/04\/Capa_humildade_espanhol-206x300.png 206w, https:\/\/www.irdin.org.br\/site\/wp-content\/uploads\/2019\/04\/Capa_humildade_espanhol.png 412w, https:\/\/www.irdin.org.br\/site\/wp-content\/uploads\/2019\/04\/Capa_humildade_espanhol-367x534.png 367w\" sizes=\"auto, (max-width: 247px) 100vw, 247px\" \/>\t\t<\/a>\n\n\t\t\n\t\t<div class=\"wrapp-swatches\"><\/div>\n\t<\/div>\n\n\t<div class=\"product-element-bottom product-information\">\n\t\t<h3 class=\"wd-entities-title\"><a href=\"https:\/\/www.irdin.org.br\/site\/produtos\/9788554410209\/\">Mensajes de Humildad &#8211; San Jos\u00e9 Cast\u00edsimo (capa flex\u00edvel)<\/a><\/h3>\t\t\t\t<div class=\"wd-product-cats\">\n\t\t\t<a href=\"https:\/\/www.irdin.org.br\/site\/categoria-produto\/livro\/\" rel=\"tag\">Livro<\/a>, <a href=\"https:\/\/www.irdin.org.br\/site\/categoria-produto\/livro\/livros-livro\/\" rel=\"tag\">Livros<\/a>\t\t<\/div>\n\t\t\t\t<div class=\"product-rating-price\">\n\t\t\t<div class=\"wrapp-product-price\">\n\t\t\t\t\n\t<span class=\"price\"><span class=\"woocommerce-Price-amount amount\"><bdi><span class=\"woocommerce-Price-currencySymbol\">&#82;&#36;<\/span>&nbsp;50,00<\/bdi><\/span><\/span>\n\t\t\t\t\t\t\t<\/div>\n\t\t<\/div>\n\t\t\t\t<div class=\"fade-in-block wd-scroll\">\n\t\t\t<div class=\"hover-content wd-more-desc\">\n\t\t\t\t<div class=\"hover-content-inner wd-more-desc-inner\">\n\t\t\t\t\t\u201cSean simples y alegres en todo. Sean conscientes en este mundo, que est\u00e1 ciego. Irradien luz a los ojos de\t\t\t\t<\/div>\n\t\t\t\t<a href=\"#\" rel=\"nofollow\" class=\"wd-more-desc-btn\" aria-label=\"Leia mais descri\u00e7\u00e3o\"><\/a>\n\t\t\t<\/div>\n\t\t\t<div class=\" wd-bottom-actions\">\n\t\t\t\t<div class=\"wrap-wishlist-button\"><\/div>\n\t\t\t\t<div class=\"wd-add-btn wd-add-btn-replace\">\n\t\t\t\t\t<a href=\"\/site\/wp-json\/wp\/v2\/posts\/103417?add-to-cart=109592\" aria-describedby=\"woocommerce_loop_add_to_cart_link_describedby_109592\" data-quantity=\"1\" class=\"button product_type_simple add_to_cart_button ajax_add_to_cart add-to-cart-loop\" data-product_id=\"109592\" data-product_sku=\"9788554410209\" aria-label=\"Adicione ao carrinho: &ldquo;Mensajes de Humildad - San Jos\u00e9 Cast\u00edsimo (capa flex\u00edvel)&rdquo;\" rel=\"nofollow\" data-success_message=\"\u201cMensajes de Humildad - San Jos\u00e9 Cast\u00edsimo (capa flex\u00edvel)\u201d foi adicionado ao seu carrinho\"><span>Adicionar ao carrinho<\/span><\/a>\t<span id=\"woocommerce_loop_add_to_cart_link_describedby_109592\" class=\"screen-reader-text\">\n\t\t\t<\/span>\n\t\t\t\t\t\t\t\t\t\t\t\t\t\t\t\t\t\t\t\t<\/div>\n\t\t\t\t<div class=\"wrap-quickview-button\">\t\t<div class=\"quick-view wd-action-btn wd-style-icon wd-quick-view-icon\">\n\t\t\t<a\n\t\t\t\thref=\"https:\/\/www.irdin.org.br\/site\/produtos\/9788554410209\/\"\n\t\t\t\tclass=\"open-quick-view quick-view-button\"\n\t\t\t\trel=\"nofollow\"\n\t\t\t\tdata-id=\"109592\"\n\t\t\t\t>Olhada r\u00e1pida<\/a>\n\t\t<\/div>\n\t\t<\/div>\n\t\t\t<\/div>\n\n\t\t\t\t\t\t\n\t\t\t\t\t<\/div>\n\t<\/div>\n<\/div>\n<\/div>\n<div class=\"wd-product wd-with-labels wd-hover-base wd-hover-with-fade wd-col product-grid-item product product-no-swatches type-product post-109709 status-publish outofstock product_cat-livro product_cat-livros-livro product_tag-lancamento has-post-thumbnail product-type-simple\" data-loop=\"13\" data-id=\"109709\">\n\t\n\t\n<div class=\"product-wrapper\">\n\t<div class=\"content-product-imagin\"><\/div>\n\t<div class=\"product-element-top wd-quick-shop\">\n\t\t<a href=\"https:\/\/www.irdin.org.br\/site\/produtos\/messages-of-humility-the-most-chaste-saint-joseph\/\" class=\"product-image-link\" tabindex=\"-1\" aria-label=\"Messages of Humility &#8211; The Most Chaste Saint Joseph\">\n\t\t\t<div class=\"product-labels labels-rectangular\"><span class=\"out-of-stock product-label\">Vendido<\/span><\/div><img loading=\"lazy\" decoding=\"async\" width=\"412\" height=\"600\" src=\"https:\/\/www.irdin.org.br\/site\/wp-content\/uploads\/2025\/04\/IMG_20250417_104852_013.png\" class=\"attachment-woocommerce_thumbnail size-woocommerce_thumbnail\" alt=\"\" srcset=\"https:\/\/www.irdin.org.br\/site\/wp-content\/uploads\/2025\/04\/IMG_20250417_104852_013.png 412w, https:\/\/www.irdin.org.br\/site\/wp-content\/uploads\/2025\/04\/IMG_20250417_104852_013-206x300.png 206w, https:\/\/www.irdin.org.br\/site\/wp-content\/uploads\/2025\/04\/IMG_20250417_104852_013-150x218.png 150w\" sizes=\"auto, (max-width: 412px) 100vw, 412px\" \/>\t\t<\/a>\n\n\t\t\n\t\t<div class=\"wrapp-swatches\"><\/div>\n\t<\/div>\n\n\t<div class=\"product-element-bottom product-information\">\n\t\t<h3 class=\"wd-entities-title\"><a href=\"https:\/\/www.irdin.org.br\/site\/produtos\/messages-of-humility-the-most-chaste-saint-joseph\/\">Messages of Humility &#8211; The Most Chaste Saint Joseph<\/a><\/h3>\t\t\t\t<div class=\"wd-product-cats\">\n\t\t\t<a href=\"https:\/\/www.irdin.org.br\/site\/categoria-produto\/livro\/\" rel=\"tag\">Livro<\/a>, <a href=\"https:\/\/www.irdin.org.br\/site\/categoria-produto\/livro\/livros-livro\/\" rel=\"tag\">Livros<\/a>\t\t<\/div>\n\t\t\t\t<div class=\"product-rating-price\">\n\t\t\t<div class=\"wrapp-product-price\">\n\t\t\t\t\n\t\t\t\t\t\t\t<\/div>\n\t\t<\/div>\n\t\t\t\t<div class=\"fade-in-block wd-scroll\">\n\t\t\t<div class=\"hover-content wd-more-desc\">\n\t\t\t\t<div class=\"hover-content-inner wd-more-desc-inner\">\n\t\t\t\t\t\u201cBe simple and joyful in everything. Be aware in this world that is blind; radiate light for the eyes of\t\t\t\t<\/div>\n\t\t\t\t<a href=\"#\" rel=\"nofollow\" class=\"wd-more-desc-btn\" aria-label=\"Leia mais descri\u00e7\u00e3o\"><\/a>\n\t\t\t<\/div>\n\t\t\t<div class=\" wd-bottom-actions\">\n\t\t\t\t<div class=\"wrap-wishlist-button\"><\/div>\n\t\t\t\t<div class=\"wd-add-btn wd-add-btn-replace\">\n\t\t\t\t\t<a href=\"https:\/\/www.irdin.org.br\/site\/produtos\/messages-of-humility-the-most-chaste-saint-joseph\/\" aria-describedby=\"woocommerce_loop_add_to_cart_link_describedby_109709\" data-quantity=\"1\" class=\"button product_type_simple add-to-cart-loop\" data-product_id=\"109709\" data-product_sku=\"messages-of-humility-the-most-chaste-saint-joseph\" aria-label=\"Leia mais sobre &ldquo;Messages of Humility - The Most Chaste Saint Joseph&rdquo;\" rel=\"nofollow\" data-success_message=\"\"><span>Leia mais<\/span><\/a>\t<span id=\"woocommerce_loop_add_to_cart_link_describedby_109709\" class=\"screen-reader-text\">\n\t\t\t<\/span>\n\t\t\t\t\t\t\t\t\t\t\t\t\t\t\t\t\t\t\t\t<\/div>\n\t\t\t\t<div class=\"wrap-quickview-button\">\t\t<div class=\"quick-view wd-action-btn wd-style-icon wd-quick-view-icon\">\n\t\t\t<a\n\t\t\t\thref=\"https:\/\/www.irdin.org.br\/site\/produtos\/messages-of-humility-the-most-chaste-saint-joseph\/\"\n\t\t\t\tclass=\"open-quick-view quick-view-button\"\n\t\t\t\trel=\"nofollow\"\n\t\t\t\tdata-id=\"109709\"\n\t\t\t\t>Olhada r\u00e1pida<\/a>\n\t\t<\/div>\n\t\t<\/div>\n\t\t\t<\/div>\n\n\t\t\t\t\t\t\n\t\t\t\t\t<\/div>\n\t<\/div>\n<\/div>\n<\/div>\n<div class=\"wd-product wd-with-labels wd-hover-base wd-hover-with-fade wd-col product-grid-item product product-no-swatches type-product post-103805 status-publish instock product_cat-livro product_cat-livros-livro has-post-thumbnail featured purchasable product-type-simple\" data-loop=\"14\" data-id=\"103805\">\n\t\n\t\n<div class=\"product-wrapper\">\n\t<div class=\"content-product-imagin\"><\/div>\n\t<div class=\"product-element-top wd-quick-shop\">\n\t\t<a href=\"https:\/\/www.irdin.org.br\/site\/produtos\/9786588468364\/\" class=\"product-image-link\" tabindex=\"-1\" aria-label=\"Via Crucis &#8211; Caminho Eterno para os Cora\u00e7\u00f5es (livro)\">\n\t\t\t<div class=\"product-labels labels-rectangular\"><span class=\"featured product-label\">Quente<\/span><\/div><img loading=\"lazy\" decoding=\"async\" width=\"247\" height=\"361\" src=\"https:\/\/www.irdin.org.br\/site\/wp-content\/uploads\/2023\/03\/Via-crucis_POR-247x361.png\" class=\"attachment-woocommerce_thumbnail size-woocommerce_thumbnail\" alt=\"\" srcset=\"https:\/\/www.irdin.org.br\/site\/wp-content\/uploads\/2023\/03\/Via-crucis_POR-247x361.png 247w, https:\/\/www.irdin.org.br\/site\/wp-content\/uploads\/2023\/03\/Via-crucis_POR-206x300.png 206w, https:\/\/www.irdin.org.br\/site\/wp-content\/uploads\/2023\/03\/Via-crucis_POR-400x584.png 400w, https:\/\/www.irdin.org.br\/site\/wp-content\/uploads\/2023\/03\/Via-crucis_POR-367x536.png 367w, https:\/\/www.irdin.org.br\/site\/wp-content\/uploads\/2023\/03\/Via-crucis_POR.png 411w\" sizes=\"auto, (max-width: 247px) 100vw, 247px\" \/>\t\t<\/a>\n\n\t\t\n\t\t<div class=\"wrapp-swatches\"><\/div>\n\t<\/div>\n\n\t<div class=\"product-element-bottom product-information\">\n\t\t<h3 class=\"wd-entities-title\"><a href=\"https:\/\/www.irdin.org.br\/site\/produtos\/9786588468364\/\">Via Crucis &#8211; Caminho Eterno para os Cora\u00e7\u00f5es (livro)<\/a><\/h3>\t\t\t\t<div class=\"wd-product-cats\">\n\t\t\t<a href=\"https:\/\/www.irdin.org.br\/site\/categoria-produto\/livro\/\" rel=\"tag\">Livro<\/a>, <a href=\"https:\/\/www.irdin.org.br\/site\/categoria-produto\/livro\/livros-livro\/\" rel=\"tag\">Livros<\/a>\t\t<\/div>\n\t\t\t\t<div class=\"product-rating-price\">\n\t\t\t<div class=\"wrapp-product-price\">\n\t\t\t\t\n\t<span class=\"price\"><span class=\"woocommerce-Price-amount amount\"><bdi><span class=\"woocommerce-Price-currencySymbol\">&#82;&#36;<\/span>&nbsp;30,00<\/bdi><\/span><\/span>\n\t\t\t\t\t\t\t<\/div>\n\t\t<\/div>\n\t\t\t\t<div class=\"fade-in-block wd-scroll\">\n\t\t\t<div class=\"hover-content wd-more-desc\">\n\t\t\t\t<div class=\"hover-content-inner wd-more-desc-inner\">\n\t\t\t\t\tEm uma apari\u00e7\u00e3o no dia 13 de julho de 2014, aos videntes da Ordem Gra\u00e7a Miseric\u00f3rdia, a Virgem Maria nos\t\t\t\t<\/div>\n\t\t\t\t<a href=\"#\" rel=\"nofollow\" class=\"wd-more-desc-btn\" aria-label=\"Leia mais descri\u00e7\u00e3o\"><\/a>\n\t\t\t<\/div>\n\t\t\t<div class=\" wd-bottom-actions\">\n\t\t\t\t<div class=\"wrap-wishlist-button\"><\/div>\n\t\t\t\t<div class=\"wd-add-btn wd-add-btn-replace\">\n\t\t\t\t\t<a href=\"\/site\/wp-json\/wp\/v2\/posts\/103417?add-to-cart=103805\" aria-describedby=\"woocommerce_loop_add_to_cart_link_describedby_103805\" data-quantity=\"1\" class=\"button product_type_simple add_to_cart_button ajax_add_to_cart add-to-cart-loop\" data-product_id=\"103805\" data-product_sku=\"9786588468364\" aria-label=\"Adicione ao carrinho: &ldquo;Via Crucis - Caminho Eterno para os Cora\u00e7\u00f5es (livro)&rdquo;\" rel=\"nofollow\" data-success_message=\"\u201cVia Crucis - Caminho Eterno para os Cora\u00e7\u00f5es (livro)\u201d foi adicionado ao seu carrinho\"><span>Adicionar ao carrinho<\/span><\/a>\t<span id=\"woocommerce_loop_add_to_cart_link_describedby_103805\" class=\"screen-reader-text\">\n\t\t\t<\/span>\n\t\t\t\t\t\t\t\t\t\t\t\t\t\t\t\t\t\t\t\t<\/div>\n\t\t\t\t<div class=\"wrap-quickview-button\">\t\t<div class=\"quick-view wd-action-btn wd-style-icon wd-quick-view-icon\">\n\t\t\t<a\n\t\t\t\thref=\"https:\/\/www.irdin.org.br\/site\/produtos\/9786588468364\/\"\n\t\t\t\tclass=\"open-quick-view quick-view-button\"\n\t\t\t\trel=\"nofollow\"\n\t\t\t\tdata-id=\"103805\"\n\t\t\t\t>Olhada r\u00e1pida<\/a>\n\t\t<\/div>\n\t\t<\/div>\n\t\t\t<\/div>\n\n\t\t\t\t\t\t\n\t\t\t\t\t<\/div>\n\t<\/div>\n<\/div>\n<\/div>\n<div class=\"wd-product wd-hover-base wd-hover-with-fade wd-col product-grid-item product product-no-swatches type-product post-103809 status-publish instock product_cat-livro product_cat-livros-livro has-post-thumbnail purchasable product-type-simple\" data-loop=\"15\" data-id=\"103809\">\n\t\n\t\n<div class=\"product-wrapper\">\n\t<div class=\"content-product-imagin\"><\/div>\n\t<div class=\"product-element-top wd-quick-shop\">\n\t\t<a href=\"https:\/\/www.irdin.org.br\/site\/produtos\/9786588468371\/\" class=\"product-image-link\" tabindex=\"-1\" aria-label=\"Via Crucis &#8211; Camino Eterno para los Corazones (libro)\">\n\t\t\t<img loading=\"lazy\" decoding=\"async\" width=\"247\" height=\"361\" src=\"https:\/\/www.irdin.org.br\/site\/wp-content\/uploads\/2023\/03\/Via-crucis_ESP-247x361.png\" class=\"attachment-woocommerce_thumbnail size-woocommerce_thumbnail\" alt=\"\" srcset=\"https:\/\/www.irdin.org.br\/site\/wp-content\/uploads\/2023\/03\/Via-crucis_ESP-247x361.png 247w, https:\/\/www.irdin.org.br\/site\/wp-content\/uploads\/2023\/03\/Via-crucis_ESP-206x300.png 206w, https:\/\/www.irdin.org.br\/site\/wp-content\/uploads\/2023\/03\/Via-crucis_ESP-400x584.png 400w, https:\/\/www.irdin.org.br\/site\/wp-content\/uploads\/2023\/03\/Via-crucis_ESP-367x536.png 367w, https:\/\/www.irdin.org.br\/site\/wp-content\/uploads\/2023\/03\/Via-crucis_ESP.png 411w\" sizes=\"auto, (max-width: 247px) 100vw, 247px\" \/>\t\t<\/a>\n\n\t\t\n\t\t<div class=\"wrapp-swatches\"><\/div>\n\t<\/div>\n\n\t<div class=\"product-element-bottom product-information\">\n\t\t<h3 class=\"wd-entities-title\"><a href=\"https:\/\/www.irdin.org.br\/site\/produtos\/9786588468371\/\">Via Crucis &#8211; Camino Eterno para los Corazones (libro)<\/a><\/h3>\t\t\t\t<div class=\"wd-product-cats\">\n\t\t\t<a href=\"https:\/\/www.irdin.org.br\/site\/categoria-produto\/livro\/\" rel=\"tag\">Livro<\/a>, <a href=\"https:\/\/www.irdin.org.br\/site\/categoria-produto\/livro\/livros-livro\/\" rel=\"tag\">Livros<\/a>\t\t<\/div>\n\t\t\t\t<div class=\"product-rating-price\">\n\t\t\t<div class=\"wrapp-product-price\">\n\t\t\t\t\n\t<span class=\"price\"><span class=\"woocommerce-Price-amount amount\"><bdi><span class=\"woocommerce-Price-currencySymbol\">&#82;&#36;<\/span>&nbsp;30,00<\/bdi><\/span><\/span>\n\t\t\t\t\t\t\t<\/div>\n\t\t<\/div>\n\t\t\t\t<div class=\"fade-in-block wd-scroll\">\n\t\t\t<div class=\"hover-content wd-more-desc\">\n\t\t\t\t<div class=\"hover-content-inner wd-more-desc-inner\">\n\t\t\t\t\tEl 13 de julio de 2014, en una Aparici\u00f3n a los videntes de la Orden Gracia Misericordia, la Virgen Mar\u00eda\t\t\t\t<\/div>\n\t\t\t\t<a href=\"#\" rel=\"nofollow\" class=\"wd-more-desc-btn\" aria-label=\"Leia mais descri\u00e7\u00e3o\"><\/a>\n\t\t\t<\/div>\n\t\t\t<div class=\" wd-bottom-actions\">\n\t\t\t\t<div class=\"wrap-wishlist-button\"><\/div>\n\t\t\t\t<div class=\"wd-add-btn wd-add-btn-replace\">\n\t\t\t\t\t<a href=\"\/site\/wp-json\/wp\/v2\/posts\/103417?add-to-cart=103809\" aria-describedby=\"woocommerce_loop_add_to_cart_link_describedby_103809\" data-quantity=\"1\" class=\"button product_type_simple add_to_cart_button ajax_add_to_cart add-to-cart-loop\" data-product_id=\"103809\" data-product_sku=\"9786588468371\" aria-label=\"Adicione ao carrinho: &ldquo;Via Crucis - Camino Eterno para los Corazones (libro)&rdquo;\" rel=\"nofollow\" data-success_message=\"\u201cVia Crucis - Camino Eterno para los Corazones (libro)\u201d foi adicionado ao seu carrinho\"><span>Adicionar ao carrinho<\/span><\/a>\t<span id=\"woocommerce_loop_add_to_cart_link_describedby_103809\" class=\"screen-reader-text\">\n\t\t\t<\/span>\n\t\t\t\t\t\t\t\t\t\t\t\t\t\t\t\t\t\t\t\t<\/div>\n\t\t\t\t<div class=\"wrap-quickview-button\">\t\t<div class=\"quick-view wd-action-btn wd-style-icon wd-quick-view-icon\">\n\t\t\t<a\n\t\t\t\thref=\"https:\/\/www.irdin.org.br\/site\/produtos\/9786588468371\/\"\n\t\t\t\tclass=\"open-quick-view quick-view-button\"\n\t\t\t\trel=\"nofollow\"\n\t\t\t\tdata-id=\"103809\"\n\t\t\t\t>Olhada r\u00e1pida<\/a>\n\t\t<\/div>\n\t\t<\/div>\n\t\t\t<\/div>\n\n\t\t\t\t\t\t\n\t\t\t\t\t<\/div>\n\t<\/div>\n<\/div>\n<\/div>\n<div class=\"wd-product wd-with-labels wd-hover-base wd-hover-with-fade wd-col product-grid-item product product-no-swatches type-product post-104228 status-publish outofstock product_cat-livro product_cat-livros-livro product_tag-lancamento has-post-thumbnail product-type-simple\" data-loop=\"16\" data-id=\"104228\">\n\t\n\t\n<div class=\"product-wrapper\">\n\t<div class=\"content-product-imagin\"><\/div>\n\t<div class=\"product-element-top wd-quick-shop\">\n\t\t<a href=\"https:\/\/www.irdin.org.br\/site\/produtos\/via-crucis-the-eternal-way-for-hearts-book\/\" class=\"product-image-link\" tabindex=\"-1\" aria-label=\"Via Crucis &#8211; The Eternal Way for Hearts (book)\">\n\t\t\t<div class=\"product-labels labels-rectangular\"><span class=\"out-of-stock product-label\">Vendido<\/span><\/div><img loading=\"lazy\" decoding=\"async\" width=\"247\" height=\"361\" src=\"https:\/\/www.irdin.org.br\/site\/wp-content\/uploads\/2023\/10\/photo_5010434536445684636_x-1-247x361.jpg\" class=\"attachment-woocommerce_thumbnail size-woocommerce_thumbnail\" alt=\"\" srcset=\"https:\/\/www.irdin.org.br\/site\/wp-content\/uploads\/2023\/10\/photo_5010434536445684636_x-1-247x361.jpg 247w, https:\/\/www.irdin.org.br\/site\/wp-content\/uploads\/2023\/10\/photo_5010434536445684636_x-1-206x300.jpg 206w, https:\/\/www.irdin.org.br\/site\/wp-content\/uploads\/2023\/10\/photo_5010434536445684636_x-1-400x584.jpg 400w, https:\/\/www.irdin.org.br\/site\/wp-content\/uploads\/2023\/10\/photo_5010434536445684636_x-1-367x536.jpg 367w, https:\/\/www.irdin.org.br\/site\/wp-content\/uploads\/2023\/10\/photo_5010434536445684636_x-1.jpg 411w\" sizes=\"auto, (max-width: 247px) 100vw, 247px\" \/>\t\t<\/a>\n\n\t\t\n\t\t<div class=\"wrapp-swatches\"><\/div>\n\t<\/div>\n\n\t<div class=\"product-element-bottom product-information\">\n\t\t<h3 class=\"wd-entities-title\"><a href=\"https:\/\/www.irdin.org.br\/site\/produtos\/via-crucis-the-eternal-way-for-hearts-book\/\">Via Crucis &#8211; The Eternal Way for Hearts (book)<\/a><\/h3>\t\t\t\t<div class=\"wd-product-cats\">\n\t\t\t<a href=\"https:\/\/www.irdin.org.br\/site\/categoria-produto\/livro\/\" rel=\"tag\">Livro<\/a>, <a href=\"https:\/\/www.irdin.org.br\/site\/categoria-produto\/livro\/livros-livro\/\" rel=\"tag\">Livros<\/a>\t\t<\/div>\n\t\t\t\t<div class=\"product-rating-price\">\n\t\t\t<div class=\"wrapp-product-price\">\n\t\t\t\t\n\t\t\t\t\t\t\t<\/div>\n\t\t<\/div>\n\t\t\t\t<div class=\"fade-in-block wd-scroll\">\n\t\t\t<div class=\"hover-content wd-more-desc\">\n\t\t\t\t<div class=\"hover-content-inner wd-more-desc-inner\">\n\t\t\t\t\tIn an Apparition on July 13, 2014 to the visionaries of the Grace Mercy Order, the Virgin Mary invited us\t\t\t\t<\/div>\n\t\t\t\t<a href=\"#\" rel=\"nofollow\" class=\"wd-more-desc-btn\" aria-label=\"Leia mais descri\u00e7\u00e3o\"><\/a>\n\t\t\t<\/div>\n\t\t\t<div class=\" wd-bottom-actions\">\n\t\t\t\t<div class=\"wrap-wishlist-button\"><\/div>\n\t\t\t\t<div class=\"wd-add-btn wd-add-btn-replace\">\n\t\t\t\t\t<a href=\"https:\/\/www.irdin.org.br\/site\/produtos\/via-crucis-the-eternal-way-for-hearts-book\/\" aria-describedby=\"woocommerce_loop_add_to_cart_link_describedby_104228\" data-quantity=\"1\" class=\"button product_type_simple add-to-cart-loop\" data-product_id=\"104228\" data-product_sku=\"via-crucis-the-eternal-way-for-hearts-book\" aria-label=\"Leia mais sobre &ldquo;Via Crucis - The Eternal Way for Hearts (book)&rdquo;\" rel=\"nofollow\" data-success_message=\"\"><span>Leia mais<\/span><\/a>\t<span id=\"woocommerce_loop_add_to_cart_link_describedby_104228\" class=\"screen-reader-text\">\n\t\t\t<\/span>\n\t\t\t\t\t\t\t\t\t\t\t\t\t\t\t\t\t\t\t\t<\/div>\n\t\t\t\t<div class=\"wrap-quickview-button\">\t\t<div class=\"quick-view wd-action-btn wd-style-icon wd-quick-view-icon\">\n\t\t\t<a\n\t\t\t\thref=\"https:\/\/www.irdin.org.br\/site\/produtos\/via-crucis-the-eternal-way-for-hearts-book\/\"\n\t\t\t\tclass=\"open-quick-view quick-view-button\"\n\t\t\t\trel=\"nofollow\"\n\t\t\t\tdata-id=\"104228\"\n\t\t\t\t>Olhada r\u00e1pida<\/a>\n\t\t<\/div>\n\t\t<\/div>\n\t\t\t<\/div>\n\n\t\t\t\t\t\t\n\t\t\t\t\t<\/div>\n\t<\/div>\n<\/div>\n<\/div>\n<\/div>\n<\/div><\/div><\/p>\t\t\t\t\t\t\t\t<\/div>\n\t\t\t\t<\/div>\n\t\t\t\t\t<\/div>\n\t\t\t\t<\/div>\n\t\t\t\t<\/div>\n\t\t","protected":false},"excerpt":{"rendered":"<p>A consecrated nun of the Grace of Mercy Order, she dedicates her life to prayer and selfless service, following the indications of Christ Jesus, of the Virgin Mary, and also of Saint Joseph.<\/p>\n","protected":false},"author":1,"featured_media":0,"comment_status":"closed","ping_status":"closed","sticky":false,"template":"","format":"standard","meta":{"_acf_changed":false,"footnotes":""},"categories":[43985],"tags":[],"class_list":["post-103417","post","type-post","status-publish","format-standard","hentry","category-uncategorized"],"acf":[],"_links":{"self":[{"href":"https:\/\/www.irdin.org.br\/site\/wp-json\/wp\/v2\/posts\/103417","targetHints":{"allow":["GET"]}}],"collection":[{"href":"https:\/\/www.irdin.org.br\/site\/wp-json\/wp\/v2\/posts"}],"about":[{"href":"https:\/\/www.irdin.org.br\/site\/wp-json\/wp\/v2\/types\/post"}],"author":[{"embeddable":true,"href":"https:\/\/www.irdin.org.br\/site\/wp-json\/wp\/v2\/users\/1"}],"replies":[{"embeddable":true,"href":"https:\/\/www.irdin.org.br\/site\/wp-json\/wp\/v2\/comments?post=103417"}],"version-history":[{"count":6,"href":"https:\/\/www.irdin.org.br\/site\/wp-json\/wp\/v2\/posts\/103417\/revisions"}],"predecessor-version":[{"id":106599,"href":"https:\/\/www.irdin.org.br\/site\/wp-json\/wp\/v2\/posts\/103417\/revisions\/106599"}],"wp:attachment":[{"href":"https:\/\/www.irdin.org.br\/site\/wp-json\/wp\/v2\/media?parent=103417"}],"wp:term":[{"taxonomy":"category","embeddable":true,"href":"https:\/\/www.irdin.org.br\/site\/wp-json\/wp\/v2\/categories?post=103417"},{"taxonomy":"post_tag","embeddable":true,"href":"https:\/\/www.irdin.org.br\/site\/wp-json\/wp\/v2\/tags?post=103417"}],"curies":[{"name":"wp","href":"https:\/\/api.w.org\/{rel}","templated":true}]}}