{"id":103472,"date":"2017-05-31T01:25:55","date_gmt":"2017-05-31T01:25:55","guid":{"rendered":"https:\/\/www.irdin.org.br\/site\/ana-regina-nogueira\/"},"modified":"2024-07-17T13:47:29","modified_gmt":"2024-07-17T13:47:29","slug":"ana-regina-nogueira","status":"publish","type":"post","link":"https:\/\/www.irdin.org.br\/site\/ana-regina-nogueira\/","title":{"rendered":"Ana Regina Nogueira"},"content":{"rendered":"<p><img loading=\"lazy\" decoding=\"async\" class=\"size-full wp-image-39566 alignleft\" src=\"https:\/\/www.irdin.org.br\/site\/envios\/imagens\/autores\/ana_regina_nogueira.jpg\" alt=\"Ana Regina Nogueira\" width=\"200\" height=\"133\"><\/p>\n<p><strong>Ana Regina Nogueira<\/strong><\/p>\n<p><span style=\"text-align: justify;\">Born in Belo Horizonte, Brazil, Ana Regina Nogueira is an internationally recognized photographer.<\/span><\/p>\n<p><span style=\"text-align: justify;\">From an early age he created deep ties with the visual world and the written word. In 1972 he started his career in Paris, after leaving the Psychology course at the University Paris VII\/Jussieu-Sorbonne.<\/span><\/p>\n<p>The artist has lived and photographed in large metropolises &#8211; Paris, London, New York, Rio de Janeiro &#8211; and in small communities in Brazil and Greece. He has always revealed, enlarged and edited his creations. He has participated in exhibitions in important cultural spaces in Brazil and Europe. His work is a reference and stimulus for new authors and visual artists.<\/p>\n<p>Instructed by photography, writing with light, she made her literary debut in 2014.<\/p>\n<p>Irdin Editora has published her books: Living Love for Dogs, in its second edition, and Why didn&#8217;t anyone tell me this before?, of chronicles. By digging into writing, the author just found a new way to express how she sees life, which she serves closely with a revealing vision.<\/p>\n<h5><\/h5>\n<p>&nbsp;<\/p>\n<h5><strong>LATEST PUBLICATIONS OF THE AUTHOR<\/strong><\/h5>\n<div class=\"woocommerce columns-6 \"><div class=\"wd-products-element\">\t\t\t<div class=\"wd-sticky-loader wd-content-loader\"><span class=\"wd-loader\"><\/span><\/div>\n\t\t\n<div class=\"products wd-products wd-grid-g grid-columns-3 elements-grid pagination-pagination\" data-source=\"main_loop\" data-min_price=\"\" data-max_price=\"\" data-columns=\"3\" style=\"--wd-col-lg:3;--wd-col-md:3;--wd-col-sm:2;--wd-gap-lg:20px;--wd-gap-sm:10px;\">\n<div class=\"wd-product wd-with-labels wd-hover-base wd-hover-with-fade wd-col product-grid-item product product-no-swatches type-product post-87727 status-publish instock product_cat-livro product_cat-livros-livro has-post-thumbnail featured purchasable product-type-simple\" data-loop=\"1\" data-id=\"87727\">\n\t\n\t\n<div class=\"product-wrapper\">\n\t<div class=\"content-product-imagin\"><\/div>\n\t<div class=\"product-element-top wd-quick-shop\">\n\t\t<a href=\"https:\/\/www.irdin.org.br\/site\/produtos\/9786588468067\/\" class=\"product-image-link\" tabindex=\"-1\" aria-label=\"Conversas sobre Trigueirinho\">\n\t\t\t<div class=\"product-labels labels-rectangular\"><span class=\"featured product-label\">Quente<\/span><\/div><img loading=\"lazy\" decoding=\"async\" width=\"247\" height=\"360\" src=\"https:\/\/www.irdin.org.br\/site\/wp-content\/uploads\/2021\/03\/capa_conversas_sobre_trigueirinho-1-247x360.png\" class=\"attachment-woocommerce_thumbnail size-woocommerce_thumbnail\" alt=\"\" srcset=\"https:\/\/www.irdin.org.br\/site\/wp-content\/uploads\/2021\/03\/capa_conversas_sobre_trigueirinho-1-247x360.png 247w, https:\/\/www.irdin.org.br\/site\/wp-content\/uploads\/2021\/03\/capa_conversas_sobre_trigueirinho-1-150x218.png 150w, https:\/\/www.irdin.org.br\/site\/wp-content\/uploads\/2021\/03\/capa_conversas_sobre_trigueirinho-1-206x300.png 206w, https:\/\/www.irdin.org.br\/site\/wp-content\/uploads\/2021\/03\/capa_conversas_sobre_trigueirinho-1.png 412w, https:\/\/www.irdin.org.br\/site\/wp-content\/uploads\/2021\/03\/capa_conversas_sobre_trigueirinho-1-367x534.png 367w\" sizes=\"auto, (max-width: 247px) 100vw, 247px\" \/>\t\t<\/a>\n\n\t\t\n\t\t<div class=\"wrapp-swatches\"><\/div>\n\t<\/div>\n\n\t<div class=\"product-element-bottom product-information\">\n\t\t<h3 class=\"wd-entities-title\"><a href=\"https:\/\/www.irdin.org.br\/site\/produtos\/9786588468067\/\">Conversas sobre Trigueirinho<\/a><\/h3>\t\t\t\t<div class=\"wd-product-cats\">\n\t\t\t<a href=\"https:\/\/www.irdin.org.br\/site\/categoria-produto\/livro\/\" rel=\"tag\">Livro<\/a>, <a href=\"https:\/\/www.irdin.org.br\/site\/categoria-produto\/livro\/livros-livro\/\" rel=\"tag\">Livros<\/a>\t\t<\/div>\n\t\t\t\t<div class=\"product-rating-price\">\n\t\t\t<div class=\"wrapp-product-price\">\n\t\t\t\t\n\t<span class=\"price\"><span class=\"woocommerce-Price-amount amount\"><bdi><span class=\"woocommerce-Price-currencySymbol\">&#82;&#36;<\/span>&nbsp;50,00<\/bdi><\/span><\/span>\n\t\t\t\t\t\t\t<\/div>\n\t\t<\/div>\n\t\t\t\t<div class=\"fade-in-block wd-scroll\">\n\t\t\t<div class=\"hover-content wd-more-desc\">\n\t\t\t\t<div class=\"hover-content-inner wd-more-desc-inner\">\n\t\t\t\t\tTRIGUEIRINHO trabalhou pelo despertar interno da humanidade. Desde os anos 70, orienta, acalma e eleva buscadores da Verdade. Este livro\t\t\t\t<\/div>\n\t\t\t\t<a href=\"#\" rel=\"nofollow\" class=\"wd-more-desc-btn\" aria-label=\"Leia mais descri\u00e7\u00e3o\"><\/a>\n\t\t\t<\/div>\n\t\t\t<div class=\" wd-bottom-actions\">\n\t\t\t\t<div class=\"wrap-wishlist-button\"><\/div>\n\t\t\t\t<div class=\"wd-add-btn wd-add-btn-replace\">\n\t\t\t\t\t<a href=\"\/site\/wp-json\/wp\/v2\/posts\/103472?add-to-cart=87727\" aria-describedby=\"woocommerce_loop_add_to_cart_link_describedby_87727\" data-quantity=\"1\" class=\"button product_type_simple add_to_cart_button ajax_add_to_cart add-to-cart-loop\" data-product_id=\"87727\" data-product_sku=\"9786588468067\" aria-label=\"Adicione ao carrinho: &ldquo;Conversas sobre Trigueirinho&rdquo;\" rel=\"nofollow\" data-success_message=\"\u201cConversas sobre Trigueirinho\u201d foi adicionado ao seu carrinho\"><span>Adicionar ao carrinho<\/span><\/a>\t<span id=\"woocommerce_loop_add_to_cart_link_describedby_87727\" class=\"screen-reader-text\">\n\t\t\t<\/span>\n\t\t\t\t\t\t\t\t\t\t\t\t\t\t\t\t\t\t\t\t<\/div>\n\t\t\t\t<div class=\"wrap-quickview-button\">\t\t<div class=\"quick-view wd-action-btn wd-style-icon wd-quick-view-icon\">\n\t\t\t<a\n\t\t\t\thref=\"https:\/\/www.irdin.org.br\/site\/produtos\/9786588468067\/\"\n\t\t\t\tclass=\"open-quick-view quick-view-button\"\n\t\t\t\trel=\"nofollow\"\n\t\t\t\tdata-id=\"87727\"\n\t\t\t\t>Olhada r\u00e1pida<\/a>\n\t\t<\/div>\n\t\t<\/div>\n\t\t\t<\/div>\n\n\t\t\t\t\t\t\n\t\t\t\t\t<\/div>\n\t<\/div>\n<\/div>\n<\/div>\n<div class=\"wd-product wd-with-labels wd-hover-base wd-hover-with-fade wd-col product-grid-item product product-no-swatches type-product post-104517 status-publish outofstock product_cat-livro product_cat-livros-livro product_tag-destaque has-post-thumbnail featured product-type-simple\" data-loop=\"2\" data-id=\"104517\">\n\t\n\t\n<div class=\"product-wrapper\">\n\t<div class=\"content-product-imagin\"><\/div>\n\t<div class=\"product-element-top wd-quick-shop\">\n\t\t<a href=\"https:\/\/www.irdin.org.br\/site\/produtos\/9786588468616\/\" class=\"product-image-link\" tabindex=\"-1\" aria-label=\"Conversas sobre Trigueirinho &#8211; Figueira Desperta &#8211; Livro 3\">\n\t\t\t<div class=\"product-labels labels-rectangular\"><span class=\"out-of-stock product-label\">Vendido<\/span><span class=\"featured product-label\">Quente<\/span><\/div><img loading=\"lazy\" decoding=\"async\" width=\"247\" height=\"361\" src=\"https:\/\/www.irdin.org.br\/site\/wp-content\/uploads\/2024\/03\/Conversas-com-Trigueirinho_Figueira-Desperta-247x361.png\" class=\"attachment-woocommerce_thumbnail size-woocommerce_thumbnail\" alt=\"\" srcset=\"https:\/\/www.irdin.org.br\/site\/wp-content\/uploads\/2024\/03\/Conversas-com-Trigueirinho_Figueira-Desperta-247x361.png 247w, https:\/\/www.irdin.org.br\/site\/wp-content\/uploads\/2024\/03\/Conversas-com-Trigueirinho_Figueira-Desperta-206x300.png 206w, https:\/\/www.irdin.org.br\/site\/wp-content\/uploads\/2024\/03\/Conversas-com-Trigueirinho_Figueira-Desperta-400x584.png 400w, https:\/\/www.irdin.org.br\/site\/wp-content\/uploads\/2024\/03\/Conversas-com-Trigueirinho_Figueira-Desperta-367x536.png 367w, https:\/\/www.irdin.org.br\/site\/wp-content\/uploads\/2024\/03\/Conversas-com-Trigueirinho_Figueira-Desperta.png 411w\" sizes=\"auto, (max-width: 247px) 100vw, 247px\" \/>\t\t<\/a>\n\n\t\t\n\t\t<div class=\"wrapp-swatches\"><\/div>\n\t<\/div>\n\n\t<div class=\"product-element-bottom product-information\">\n\t\t<h3 class=\"wd-entities-title\"><a href=\"https:\/\/www.irdin.org.br\/site\/produtos\/9786588468616\/\">Conversas sobre Trigueirinho &#8211; Figueira Desperta &#8211; Livro 3<\/a><\/h3>\t\t\t\t<div class=\"wd-product-cats\">\n\t\t\t<a href=\"https:\/\/www.irdin.org.br\/site\/categoria-produto\/livro\/\" rel=\"tag\">Livro<\/a>, <a href=\"https:\/\/www.irdin.org.br\/site\/categoria-produto\/livro\/livros-livro\/\" rel=\"tag\">Livros<\/a>\t\t<\/div>\n\t\t\t\t<div class=\"product-rating-price\">\n\t\t\t<div class=\"wrapp-product-price\">\n\t\t\t\t\n\t\t\t\t\t\t\t<\/div>\n\t\t<\/div>\n\t\t\t\t<div class=\"fade-in-block wd-scroll\">\n\t\t\t<div class=\"hover-content wd-more-desc\">\n\t\t\t\t<div class=\"hover-content-inner wd-more-desc-inner\">\n\t\t\t\t\tFundada por Jos\u00e9 Trigueirinho em 1987, a Comunidade-Luz Figueira \u00e9 o tema deste livro. Trata da reconstitui\u00e7\u00e3o hist\u00f3rica do poderoso\t\t\t\t<\/div>\n\t\t\t\t<a href=\"#\" rel=\"nofollow\" class=\"wd-more-desc-btn\" aria-label=\"Leia mais descri\u00e7\u00e3o\"><\/a>\n\t\t\t<\/div>\n\t\t\t<div class=\" wd-bottom-actions\">\n\t\t\t\t<div class=\"wrap-wishlist-button\"><\/div>\n\t\t\t\t<div class=\"wd-add-btn wd-add-btn-replace\">\n\t\t\t\t\t<a href=\"https:\/\/www.irdin.org.br\/site\/produtos\/9786588468616\/\" aria-describedby=\"woocommerce_loop_add_to_cart_link_describedby_104517\" data-quantity=\"1\" class=\"button product_type_simple add-to-cart-loop\" data-product_id=\"104517\" data-product_sku=\"9786588468616\" aria-label=\"Leia mais sobre &ldquo;Conversas sobre Trigueirinho - Figueira Desperta - Livro 3&rdquo;\" rel=\"nofollow\" data-success_message=\"\"><span>Leia mais<\/span><\/a>\t<span id=\"woocommerce_loop_add_to_cart_link_describedby_104517\" class=\"screen-reader-text\">\n\t\t\t<\/span>\n\t\t\t\t\t\t\t\t\t\t\t\t\t\t\t\t\t\t\t\t<\/div>\n\t\t\t\t<div class=\"wrap-quickview-button\">\t\t<div class=\"quick-view wd-action-btn wd-style-icon wd-quick-view-icon\">\n\t\t\t<a\n\t\t\t\thref=\"https:\/\/www.irdin.org.br\/site\/produtos\/9786588468616\/\"\n\t\t\t\tclass=\"open-quick-view quick-view-button\"\n\t\t\t\trel=\"nofollow\"\n\t\t\t\tdata-id=\"104517\"\n\t\t\t\t>Olhada r\u00e1pida<\/a>\n\t\t<\/div>\n\t\t<\/div>\n\t\t\t<\/div>\n\n\t\t\t\t\t\t\n\t\t\t\t\t<\/div>\n\t<\/div>\n<\/div>\n<\/div>\n<div class=\"wd-product wd-with-labels wd-hover-base wd-hover-with-fade wd-col product-grid-item product product-no-swatches type-product post-108051 status-publish instock product_cat-livro product_cat-livros-livro product_tag-destaque has-post-thumbnail featured purchasable product-type-simple\" data-loop=\"3\" data-id=\"108051\">\n\t\n\t\n<div class=\"product-wrapper\">\n\t<div class=\"content-product-imagin\"><\/div>\n\t<div class=\"product-element-top wd-quick-shop\">\n\t\t<a href=\"https:\/\/www.irdin.org.br\/site\/produtos\/9786588468821\/\" class=\"product-image-link\" tabindex=\"-1\" aria-label=\"Conversas sobre Trigueirinho &#8211; Figueira Revela-se &#8211; Livro 4\">\n\t\t\t<div class=\"product-labels labels-rectangular\"><span class=\"featured product-label\">Quente<\/span><\/div><img loading=\"lazy\" decoding=\"async\" width=\"411\" height=\"600\" src=\"https:\/\/www.irdin.org.br\/site\/wp-content\/uploads\/2025\/03\/Conversas-sobre-Trigueirinho-Vol.4.png\" class=\"attachment-woocommerce_thumbnail size-woocommerce_thumbnail\" alt=\"\" srcset=\"https:\/\/www.irdin.org.br\/site\/wp-content\/uploads\/2025\/03\/Conversas-sobre-Trigueirinho-Vol.4.png 411w, https:\/\/www.irdin.org.br\/site\/wp-content\/uploads\/2025\/03\/Conversas-sobre-Trigueirinho-Vol.4-206x300.png 206w, https:\/\/www.irdin.org.br\/site\/wp-content\/uploads\/2025\/03\/Conversas-sobre-Trigueirinho-Vol.4-150x219.png 150w\" sizes=\"auto, (max-width: 411px) 100vw, 411px\" \/>\t\t<\/a>\n\n\t\t\n\t\t<div class=\"wrapp-swatches\"><\/div>\n\t<\/div>\n\n\t<div class=\"product-element-bottom product-information\">\n\t\t<h3 class=\"wd-entities-title\"><a href=\"https:\/\/www.irdin.org.br\/site\/produtos\/9786588468821\/\">Conversas sobre Trigueirinho &#8211; Figueira Revela-se &#8211; Livro 4<\/a><\/h3>\t\t\t\t<div class=\"wd-product-cats\">\n\t\t\t<a href=\"https:\/\/www.irdin.org.br\/site\/categoria-produto\/livro\/\" rel=\"tag\">Livro<\/a>, <a href=\"https:\/\/www.irdin.org.br\/site\/categoria-produto\/livro\/livros-livro\/\" rel=\"tag\">Livros<\/a>\t\t<\/div>\n\t\t\t\t<div class=\"product-rating-price\">\n\t\t\t<div class=\"wrapp-product-price\">\n\t\t\t\t\n\t<span class=\"price\"><span class=\"woocommerce-Price-amount amount\"><bdi><span class=\"woocommerce-Price-currencySymbol\">&#82;&#36;<\/span>&nbsp;90,00<\/bdi><\/span><\/span>\n\t\t\t\t\t\t\t<\/div>\n\t\t<\/div>\n\t\t\t\t<div class=\"fade-in-block wd-scroll\">\n\t\t\t<div class=\"hover-content wd-more-desc\">\n\t\t\t\t<div class=\"hover-content-inner wd-more-desc-inner\">\n\t\t\t\t\tPlaneta afora, chegou a hora de consci\u00eancias humanas tornarem-se mais receptivas a impulsos luminosos. Para facilitar esse despertar, Jos\u00e9Trigueirinho doou-se\t\t\t\t<\/div>\n\t\t\t\t<a href=\"#\" rel=\"nofollow\" class=\"wd-more-desc-btn\" aria-label=\"Leia mais descri\u00e7\u00e3o\"><\/a>\n\t\t\t<\/div>\n\t\t\t<div class=\" wd-bottom-actions\">\n\t\t\t\t<div class=\"wrap-wishlist-button\"><\/div>\n\t\t\t\t<div class=\"wd-add-btn wd-add-btn-replace\">\n\t\t\t\t\t<a href=\"\/site\/wp-json\/wp\/v2\/posts\/103472?add-to-cart=108051\" aria-describedby=\"woocommerce_loop_add_to_cart_link_describedby_108051\" data-quantity=\"1\" class=\"button product_type_simple add_to_cart_button ajax_add_to_cart add-to-cart-loop\" data-product_id=\"108051\" data-product_sku=\"9786588468821\" aria-label=\"Adicione ao carrinho: &ldquo;Conversas sobre Trigueirinho - Figueira Revela-se - Livro 4&rdquo;\" rel=\"nofollow\" data-success_message=\"\u201cConversas sobre Trigueirinho - Figueira Revela-se - Livro 4\u201d foi adicionado ao seu carrinho\"><span>Adicionar ao carrinho<\/span><\/a>\t<span id=\"woocommerce_loop_add_to_cart_link_describedby_108051\" class=\"screen-reader-text\">\n\t\t\t<\/span>\n\t\t\t\t\t\t\t\t\t\t\t\t\t\t\t\t\t\t\t\t<\/div>\n\t\t\t\t<div class=\"wrap-quickview-button\">\t\t<div class=\"quick-view wd-action-btn wd-style-icon wd-quick-view-icon\">\n\t\t\t<a\n\t\t\t\thref=\"https:\/\/www.irdin.org.br\/site\/produtos\/9786588468821\/\"\n\t\t\t\tclass=\"open-quick-view quick-view-button\"\n\t\t\t\trel=\"nofollow\"\n\t\t\t\tdata-id=\"108051\"\n\t\t\t\t>Olhada r\u00e1pida<\/a>\n\t\t<\/div>\n\t\t<\/div>\n\t\t\t<\/div>\n\n\t\t\t\t\t\t\n\t\t\t\t\t<\/div>\n\t<\/div>\n<\/div>\n<\/div>\n<div class=\"wd-product wd-with-labels wd-hover-base wd-hover-with-fade wd-col product-grid-item product product-no-swatches type-product post-88878 status-publish instock product_cat-livro product_cat-livros-livro has-post-thumbnail featured purchasable product-type-simple\" data-loop=\"4\" data-id=\"88878\">\n\t\n\t\n<div class=\"product-wrapper\">\n\t<div class=\"content-product-imagin\"><\/div>\n\t<div class=\"product-element-top wd-quick-shop\">\n\t\t<a href=\"https:\/\/www.irdin.org.br\/site\/produtos\/9786588468234\/\" class=\"product-image-link\" tabindex=\"-1\" aria-label=\"Conversas sobre Trigueirinho &#8211; Livro 2\">\n\t\t\t<div class=\"product-labels labels-rectangular\"><span class=\"featured product-label\">Quente<\/span><\/div><img loading=\"lazy\" decoding=\"async\" width=\"247\" height=\"361\" src=\"https:\/\/www.irdin.org.br\/site\/wp-content\/uploads\/2022\/03\/Conversas_sobre_Trigueirinho_Livro_2-247x361.png\" class=\"attachment-woocommerce_thumbnail size-woocommerce_thumbnail\" alt=\"\" srcset=\"https:\/\/www.irdin.org.br\/site\/wp-content\/uploads\/2022\/03\/Conversas_sobre_Trigueirinho_Livro_2-247x361.png 247w, https:\/\/www.irdin.org.br\/site\/wp-content\/uploads\/2022\/03\/Conversas_sobre_Trigueirinho_Livro_2-150x219.png 150w, https:\/\/www.irdin.org.br\/site\/wp-content\/uploads\/2022\/03\/Conversas_sobre_Trigueirinho_Livro_2-206x300.png 206w, https:\/\/www.irdin.org.br\/site\/wp-content\/uploads\/2022\/03\/Conversas_sobre_Trigueirinho_Livro_2-400x584.png 400w, https:\/\/www.irdin.org.br\/site\/wp-content\/uploads\/2022\/03\/Conversas_sobre_Trigueirinho_Livro_2-367x536.png 367w, https:\/\/www.irdin.org.br\/site\/wp-content\/uploads\/2022\/03\/Conversas_sobre_Trigueirinho_Livro_2.png 411w\" sizes=\"auto, (max-width: 247px) 100vw, 247px\" \/>\t\t<\/a>\n\n\t\t\n\t\t<div class=\"wrapp-swatches\"><\/div>\n\t<\/div>\n\n\t<div class=\"product-element-bottom product-information\">\n\t\t<h3 class=\"wd-entities-title\"><a href=\"https:\/\/www.irdin.org.br\/site\/produtos\/9786588468234\/\">Conversas sobre Trigueirinho &#8211; Livro 2<\/a><\/h3>\t\t\t\t<div class=\"wd-product-cats\">\n\t\t\t<a href=\"https:\/\/www.irdin.org.br\/site\/categoria-produto\/livro\/\" rel=\"tag\">Livro<\/a>, <a href=\"https:\/\/www.irdin.org.br\/site\/categoria-produto\/livro\/livros-livro\/\" rel=\"tag\">Livros<\/a>\t\t<\/div>\n\t\t\t\t<div class=\"product-rating-price\">\n\t\t\t<div class=\"wrapp-product-price\">\n\t\t\t\t\n\t<span class=\"price\"><span class=\"woocommerce-Price-amount amount\"><bdi><span class=\"woocommerce-Price-currencySymbol\">&#82;&#36;<\/span>&nbsp;50,00<\/bdi><\/span><\/span>\n\t\t\t\t\t\t\t<\/div>\n\t\t<\/div>\n\t\t\t\t<div class=\"fade-in-block wd-scroll\">\n\t\t\t<div class=\"hover-content wd-more-desc\">\n\t\t\t\t<div class=\"hover-content-inner wd-more-desc-inner\">\n\t\t\t\t\tEsta biografia do fil\u00f3sofo espiritualista Trigueirinho investiga o per\u00edodo de 1931, ano de seu nascimento, at\u00e9 1990. O instrutor espiritual,\t\t\t\t<\/div>\n\t\t\t\t<a href=\"#\" rel=\"nofollow\" class=\"wd-more-desc-btn\" aria-label=\"Leia mais descri\u00e7\u00e3o\"><\/a>\n\t\t\t<\/div>\n\t\t\t<div class=\" wd-bottom-actions\">\n\t\t\t\t<div class=\"wrap-wishlist-button\"><\/div>\n\t\t\t\t<div class=\"wd-add-btn wd-add-btn-replace\">\n\t\t\t\t\t<a href=\"\/site\/wp-json\/wp\/v2\/posts\/103472?add-to-cart=88878\" aria-describedby=\"woocommerce_loop_add_to_cart_link_describedby_88878\" data-quantity=\"1\" class=\"button product_type_simple add_to_cart_button ajax_add_to_cart add-to-cart-loop\" data-product_id=\"88878\" data-product_sku=\"9786588468234\" aria-label=\"Adicione ao carrinho: &ldquo;Conversas sobre Trigueirinho - Livro 2&rdquo;\" rel=\"nofollow\" data-success_message=\"\u201cConversas sobre Trigueirinho - Livro 2\u201d foi adicionado ao seu carrinho\"><span>Adicionar ao carrinho<\/span><\/a>\t<span id=\"woocommerce_loop_add_to_cart_link_describedby_88878\" class=\"screen-reader-text\">\n\t\t\t<\/span>\n\t\t\t\t\t\t\t\t\t\t\t\t\t\t\t\t\t\t\t\t<\/div>\n\t\t\t\t<div class=\"wrap-quickview-button\">\t\t<div class=\"quick-view wd-action-btn wd-style-icon wd-quick-view-icon\">\n\t\t\t<a\n\t\t\t\thref=\"https:\/\/www.irdin.org.br\/site\/produtos\/9786588468234\/\"\n\t\t\t\tclass=\"open-quick-view quick-view-button\"\n\t\t\t\trel=\"nofollow\"\n\t\t\t\tdata-id=\"88878\"\n\t\t\t\t>Olhada r\u00e1pida<\/a>\n\t\t<\/div>\n\t\t<\/div>\n\t\t\t<\/div>\n\n\t\t\t\t\t\t\n\t\t\t\t\t<\/div>\n\t<\/div>\n<\/div>\n<\/div>\n<div class=\"wd-product wd-hover-base wd-hover-with-fade wd-col product-grid-item product product-no-swatches type-product post-85203 status-publish last instock product_cat-livro product_cat-livros-livro product_tag-33410 has-post-thumbnail purchasable product-type-simple\" data-loop=\"5\" data-id=\"85203\">\n\t\n\t\n<div class=\"product-wrapper\">\n\t<div class=\"content-product-imagin\"><\/div>\n\t<div class=\"product-element-top wd-quick-shop\">\n\t\t<a href=\"https:\/\/www.irdin.org.br\/site\/produtos\/9788560835942\/\" class=\"product-image-link\" tabindex=\"-1\" aria-label=\"Ensolarar Vidas\">\n\t\t\t<img loading=\"lazy\" decoding=\"async\" width=\"430\" height=\"318\" src=\"https:\/\/www.irdin.org.br\/site\/wp-content\/uploads\/2017\/07\/9094_4629__1__por_por__ensolarar_vidas-430x318.jpg\" class=\"attachment-woocommerce_thumbnail size-woocommerce_thumbnail\" alt=\"\" srcset=\"https:\/\/www.irdin.org.br\/site\/wp-content\/uploads\/2017\/07\/9094_4629__1__por_por__ensolarar_vidas-430x318.jpg 430w, https:\/\/www.irdin.org.br\/site\/wp-content\/uploads\/2017\/07\/9094_4629__1__por_por__ensolarar_vidas-150x111.jpg 150w, https:\/\/www.irdin.org.br\/site\/wp-content\/uploads\/2017\/07\/9094_4629__1__por_por__ensolarar_vidas-300x222.jpg 300w, https:\/\/www.irdin.org.br\/site\/wp-content\/uploads\/2017\/07\/9094_4629__1__por_por__ensolarar_vidas-247x183.jpg 247w, https:\/\/www.irdin.org.br\/site\/wp-content\/uploads\/2017\/07\/9094_4629__1__por_por__ensolarar_vidas.jpg 446w\" sizes=\"auto, (max-width: 430px) 100vw, 430px\" \/>\t\t<\/a>\n\n\t\t\n\t\t<div class=\"wrapp-swatches\"><\/div>\n\t<\/div>\n\n\t<div class=\"product-element-bottom product-information\">\n\t\t<h3 class=\"wd-entities-title\"><a href=\"https:\/\/www.irdin.org.br\/site\/produtos\/9788560835942\/\">Ensolarar Vidas<\/a><\/h3>\t\t\t\t<div class=\"wd-product-cats\">\n\t\t\t<a href=\"https:\/\/www.irdin.org.br\/site\/categoria-produto\/livro\/\" rel=\"tag\">Livro<\/a>, <a href=\"https:\/\/www.irdin.org.br\/site\/categoria-produto\/livro\/livros-livro\/\" rel=\"tag\">Livros<\/a>\t\t<\/div>\n\t\t\t\t<div class=\"product-rating-price\">\n\t\t\t<div class=\"wrapp-product-price\">\n\t\t\t\t\n\t<span class=\"price\"><span class=\"woocommerce-Price-amount amount\"><bdi><span class=\"woocommerce-Price-currencySymbol\">&#82;&#36;<\/span>&nbsp;30,00<\/bdi><\/span><\/span>\n\t\t\t\t\t\t\t<\/div>\n\t\t<\/div>\n\t\t\t\t<div class=\"fade-in-block wd-scroll\">\n\t\t\t<div class=\"hover-content wd-more-desc\">\n\t\t\t\t<div class=\"hover-content-inner wd-more-desc-inner\">\n\t\t\t\t\tO livro Ensolarar Vidas vai al\u00e9m de contar hist\u00f3rias emocionantes de animais resgatados. A autora revela, em linguagem l\u00edrica e\t\t\t\t<\/div>\n\t\t\t\t<a href=\"#\" rel=\"nofollow\" class=\"wd-more-desc-btn\" aria-label=\"Leia mais descri\u00e7\u00e3o\"><\/a>\n\t\t\t<\/div>\n\t\t\t<div class=\" wd-bottom-actions\">\n\t\t\t\t<div class=\"wrap-wishlist-button\"><\/div>\n\t\t\t\t<div class=\"wd-add-btn wd-add-btn-replace\">\n\t\t\t\t\t<a href=\"\/site\/wp-json\/wp\/v2\/posts\/103472?add-to-cart=85203\" aria-describedby=\"woocommerce_loop_add_to_cart_link_describedby_85203\" data-quantity=\"1\" class=\"button product_type_simple add_to_cart_button ajax_add_to_cart add-to-cart-loop\" data-product_id=\"85203\" data-product_sku=\"9788560835942\" aria-label=\"Adicione ao carrinho: &ldquo;Ensolarar Vidas&rdquo;\" rel=\"nofollow\" data-success_message=\"\u201cEnsolarar Vidas\u201d foi adicionado ao seu carrinho\"><span>Adicionar ao carrinho<\/span><\/a>\t<span id=\"woocommerce_loop_add_to_cart_link_describedby_85203\" class=\"screen-reader-text\">\n\t\t\t<\/span>\n\t\t\t\t\t\t\t\t\t\t\t\t\t\t\t\t\t\t\t\t<\/div>\n\t\t\t\t<div class=\"wrap-quickview-button\">\t\t<div class=\"quick-view wd-action-btn wd-style-icon wd-quick-view-icon\">\n\t\t\t<a\n\t\t\t\thref=\"https:\/\/www.irdin.org.br\/site\/produtos\/9788560835942\/\"\n\t\t\t\tclass=\"open-quick-view quick-view-button\"\n\t\t\t\trel=\"nofollow\"\n\t\t\t\tdata-id=\"85203\"\n\t\t\t\t>Olhada r\u00e1pida<\/a>\n\t\t<\/div>\n\t\t<\/div>\n\t\t\t<\/div>\n\n\t\t\t\t\t\t\n\t\t\t\t\t<\/div>\n\t<\/div>\n<\/div>\n<\/div>\n<div class=\"wd-product wd-with-labels wd-hover-base wd-hover-with-fade wd-col product-grid-item product product-no-swatches type-product post-86943 status-publish first outofstock product_cat-livro product_cat-livros-livro product_tag-arn004irp has-post-thumbnail product-type-simple\" data-loop=\"6\" data-id=\"86943\">\n\t\n\t\n<div class=\"product-wrapper\">\n\t<div class=\"content-product-imagin\"><\/div>\n\t<div class=\"product-element-top wd-quick-shop\">\n\t\t<a href=\"https:\/\/www.irdin.org.br\/site\/produtos\/9788554410438\/\" class=\"product-image-link\" tabindex=\"-1\" aria-label=\"Fraternidad &#8211; Misiones Humanitarias Internacionales\">\n\t\t\t<div class=\"product-labels labels-rectangular\"><span class=\"out-of-stock product-label\">Vendido<\/span><\/div><img loading=\"lazy\" decoding=\"async\" width=\"247\" height=\"360\" src=\"https:\/\/www.irdin.org.br\/site\/wp-content\/uploads\/2020\/05\/Fraternidad_ESP-1-247x360.png\" class=\"attachment-woocommerce_thumbnail size-woocommerce_thumbnail\" alt=\"\" srcset=\"https:\/\/www.irdin.org.br\/site\/wp-content\/uploads\/2020\/05\/Fraternidad_ESP-1-247x360.png 247w, https:\/\/www.irdin.org.br\/site\/wp-content\/uploads\/2020\/05\/Fraternidad_ESP-1-150x218.png 150w, https:\/\/www.irdin.org.br\/site\/wp-content\/uploads\/2020\/05\/Fraternidad_ESP-1-206x300.png 206w, https:\/\/www.irdin.org.br\/site\/wp-content\/uploads\/2020\/05\/Fraternidad_ESP-1.png 412w, https:\/\/www.irdin.org.br\/site\/wp-content\/uploads\/2020\/05\/Fraternidad_ESP-1-367x534.png 367w\" sizes=\"auto, (max-width: 247px) 100vw, 247px\" \/>\t\t<\/a>\n\n\t\t\n\t\t<div class=\"wrapp-swatches\"><\/div>\n\t<\/div>\n\n\t<div class=\"product-element-bottom product-information\">\n\t\t<h3 class=\"wd-entities-title\"><a href=\"https:\/\/www.irdin.org.br\/site\/produtos\/9788554410438\/\">Fraternidad &#8211; Misiones Humanitarias Internacionales<\/a><\/h3>\t\t\t\t<div class=\"wd-product-cats\">\n\t\t\t<a href=\"https:\/\/www.irdin.org.br\/site\/categoria-produto\/livro\/\" rel=\"tag\">Livro<\/a>, <a href=\"https:\/\/www.irdin.org.br\/site\/categoria-produto\/livro\/livros-livro\/\" rel=\"tag\">Livros<\/a>\t\t<\/div>\n\t\t\t\t<div class=\"product-rating-price\">\n\t\t\t<div class=\"wrapp-product-price\">\n\t\t\t\t\n\t\t\t\t\t\t\t<\/div>\n\t\t<\/div>\n\t\t\t\t<div class=\"fade-in-block wd-scroll\">\n\t\t\t<div class=\"hover-content wd-more-desc\">\n\t\t\t\t<div class=\"hover-content-inner wd-more-desc-inner\">\n\t\t\t\t\tLa meta de las misiones de la Fraternidad es hacer el bien y llevar la paz a los pueblos y\t\t\t\t<\/div>\n\t\t\t\t<a href=\"#\" rel=\"nofollow\" class=\"wd-more-desc-btn\" aria-label=\"Leia mais descri\u00e7\u00e3o\"><\/a>\n\t\t\t<\/div>\n\t\t\t<div class=\" wd-bottom-actions\">\n\t\t\t\t<div class=\"wrap-wishlist-button\"><\/div>\n\t\t\t\t<div class=\"wd-add-btn wd-add-btn-replace\">\n\t\t\t\t\t<a href=\"https:\/\/www.irdin.org.br\/site\/produtos\/9788554410438\/\" aria-describedby=\"woocommerce_loop_add_to_cart_link_describedby_86943\" data-quantity=\"1\" class=\"button product_type_simple add-to-cart-loop\" data-product_id=\"86943\" data-product_sku=\"9788554410438\" aria-label=\"Leia mais sobre &ldquo;Fraternidad - Misiones Humanitarias Internacionales&rdquo;\" rel=\"nofollow\" data-success_message=\"\"><span>Leia mais<\/span><\/a>\t<span id=\"woocommerce_loop_add_to_cart_link_describedby_86943\" class=\"screen-reader-text\">\n\t\t\t<\/span>\n\t\t\t\t\t\t\t\t\t\t\t\t\t\t\t\t\t\t\t\t<\/div>\n\t\t\t\t<div class=\"wrap-quickview-button\">\t\t<div class=\"quick-view wd-action-btn wd-style-icon wd-quick-view-icon\">\n\t\t\t<a\n\t\t\t\thref=\"https:\/\/www.irdin.org.br\/site\/produtos\/9788554410438\/\"\n\t\t\t\tclass=\"open-quick-view quick-view-button\"\n\t\t\t\trel=\"nofollow\"\n\t\t\t\tdata-id=\"86943\"\n\t\t\t\t>Olhada r\u00e1pida<\/a>\n\t\t<\/div>\n\t\t<\/div>\n\t\t\t<\/div>\n\n\t\t\t\t\t\t\n\t\t\t\t\t<\/div>\n\t<\/div>\n<\/div>\n<\/div>\n<div class=\"wd-product wd-with-labels wd-hover-base wd-hover-with-fade wd-col product-grid-item product product-no-swatches type-product post-86358 status-publish outofstock product_cat-livro product_cat-livros-livro product_tag-arn004irp has-post-thumbnail product-type-simple\" data-loop=\"7\" data-id=\"86358\">\n\t\n\t\n<div class=\"product-wrapper\">\n\t<div class=\"content-product-imagin\"><\/div>\n\t<div class=\"product-element-top wd-quick-shop\">\n\t\t<a href=\"https:\/\/www.irdin.org.br\/site\/produtos\/fraternidade-missoes-humanitarias-internacionais\/\" class=\"product-image-link\" tabindex=\"-1\" aria-label=\"Fraternidade &#8211; Miss\u00f5es Humanit\u00e1rias Internacionais\">\n\t\t\t<div class=\"product-labels labels-rectangular\"><span class=\"out-of-stock product-label\">Vendido<\/span><\/div><img loading=\"lazy\" decoding=\"async\" width=\"247\" height=\"360\" src=\"https:\/\/www.irdin.org.br\/site\/wp-content\/uploads\/2019\/03\/Fraternidade_POR-1-247x360.png\" class=\"attachment-woocommerce_thumbnail size-woocommerce_thumbnail\" alt=\"\" srcset=\"https:\/\/www.irdin.org.br\/site\/wp-content\/uploads\/2019\/03\/Fraternidade_POR-1-247x360.png 247w, https:\/\/www.irdin.org.br\/site\/wp-content\/uploads\/2019\/03\/Fraternidade_POR-1-150x218.png 150w, https:\/\/www.irdin.org.br\/site\/wp-content\/uploads\/2019\/03\/Fraternidade_POR-1-206x300.png 206w, https:\/\/www.irdin.org.br\/site\/wp-content\/uploads\/2019\/03\/Fraternidade_POR-1.png 412w, https:\/\/www.irdin.org.br\/site\/wp-content\/uploads\/2019\/03\/Fraternidade_POR-1-367x534.png 367w\" sizes=\"auto, (max-width: 247px) 100vw, 247px\" \/>\t\t<\/a>\n\n\t\t\n\t\t<div class=\"wrapp-swatches\"><\/div>\n\t<\/div>\n\n\t<div class=\"product-element-bottom product-information\">\n\t\t<h3 class=\"wd-entities-title\"><a href=\"https:\/\/www.irdin.org.br\/site\/produtos\/fraternidade-missoes-humanitarias-internacionais\/\">Fraternidade &#8211; Miss\u00f5es Humanit\u00e1rias Internacionais<\/a><\/h3>\t\t\t\t<div class=\"wd-product-cats\">\n\t\t\t<a href=\"https:\/\/www.irdin.org.br\/site\/categoria-produto\/livro\/\" rel=\"tag\">Livro<\/a>, <a href=\"https:\/\/www.irdin.org.br\/site\/categoria-produto\/livro\/livros-livro\/\" rel=\"tag\">Livros<\/a>\t\t<\/div>\n\t\t\t\t<div class=\"product-rating-price\">\n\t\t\t<div class=\"wrapp-product-price\">\n\t\t\t\t\n\t\t\t\t\t\t\t<\/div>\n\t\t<\/div>\n\t\t\t\t<div class=\"fade-in-block wd-scroll\">\n\t\t\t<div class=\"hover-content wd-more-desc\">\n\t\t\t\t<div class=\"hover-content-inner wd-more-desc-inner\">\n\t\t\t\t\tA meta das miss\u00f5es da Fraternidade \u00e9 fazer o bem e levar paz a povos e \u00e0 Natureza. Seus volunt\u00e1rios\t\t\t\t<\/div>\n\t\t\t\t<a href=\"#\" rel=\"nofollow\" class=\"wd-more-desc-btn\" aria-label=\"Leia mais descri\u00e7\u00e3o\"><\/a>\n\t\t\t<\/div>\n\t\t\t<div class=\" wd-bottom-actions\">\n\t\t\t\t<div class=\"wrap-wishlist-button\"><\/div>\n\t\t\t\t<div class=\"wd-add-btn wd-add-btn-replace\">\n\t\t\t\t\t<a href=\"https:\/\/www.irdin.org.br\/site\/produtos\/fraternidade-missoes-humanitarias-internacionais\/\" aria-describedby=\"woocommerce_loop_add_to_cart_link_describedby_86358\" data-quantity=\"1\" class=\"button product_type_simple add-to-cart-loop\" data-product_id=\"86358\" data-product_sku=\"fraternidade-missoes-humanitarias-internacionais\" aria-label=\"Leia mais sobre &ldquo;Fraternidade - Miss\u00f5es Humanit\u00e1rias Internacionais&rdquo;\" rel=\"nofollow\" data-success_message=\"\"><span>Leia mais<\/span><\/a>\t<span id=\"woocommerce_loop_add_to_cart_link_describedby_86358\" class=\"screen-reader-text\">\n\t\t\t<\/span>\n\t\t\t\t\t\t\t\t\t\t\t\t\t\t\t\t\t\t\t\t<\/div>\n\t\t\t\t<div class=\"wrap-quickview-button\">\t\t<div class=\"quick-view wd-action-btn wd-style-icon wd-quick-view-icon\">\n\t\t\t<a\n\t\t\t\thref=\"https:\/\/www.irdin.org.br\/site\/produtos\/fraternidade-missoes-humanitarias-internacionais\/\"\n\t\t\t\tclass=\"open-quick-view quick-view-button\"\n\t\t\t\trel=\"nofollow\"\n\t\t\t\tdata-id=\"86358\"\n\t\t\t\t>Olhada r\u00e1pida<\/a>\n\t\t<\/div>\n\t\t<\/div>\n\t\t\t<\/div>\n\n\t\t\t\t\t\t\n\t\t\t\t\t<\/div>\n\t<\/div>\n<\/div>\n<\/div>\n<div class=\"wd-product wd-with-labels wd-hover-base wd-hover-with-fade wd-col product-grid-item product product-no-swatches type-product post-86938 status-publish outofstock product_cat-livro product_cat-livros-livro product_tag-arn004irp has-post-thumbnail purchasable product-type-simple\" data-loop=\"8\" data-id=\"86938\">\n\t\n\t\n<div class=\"product-wrapper\">\n\t<div class=\"content-product-imagin\"><\/div>\n\t<div class=\"product-element-top wd-quick-shop\">\n\t\t<a href=\"https:\/\/www.irdin.org.br\/site\/produtos\/9786599051005\/\" class=\"product-image-link\" tabindex=\"-1\" aria-label=\"Fraternity &#8211; International Humanitarian Missions\">\n\t\t\t<div class=\"product-labels labels-rectangular\"><span class=\"out-of-stock product-label\">Vendido<\/span><\/div><img loading=\"lazy\" decoding=\"async\" width=\"247\" height=\"360\" src=\"https:\/\/www.irdin.org.br\/site\/wp-content\/uploads\/2020\/05\/Fraternity_ING-1-247x360.png\" class=\"attachment-woocommerce_thumbnail size-woocommerce_thumbnail\" alt=\"\" srcset=\"https:\/\/www.irdin.org.br\/site\/wp-content\/uploads\/2020\/05\/Fraternity_ING-1-247x360.png 247w, https:\/\/www.irdin.org.br\/site\/wp-content\/uploads\/2020\/05\/Fraternity_ING-1-150x218.png 150w, https:\/\/www.irdin.org.br\/site\/wp-content\/uploads\/2020\/05\/Fraternity_ING-1-206x300.png 206w, https:\/\/www.irdin.org.br\/site\/wp-content\/uploads\/2020\/05\/Fraternity_ING-1.png 412w, https:\/\/www.irdin.org.br\/site\/wp-content\/uploads\/2020\/05\/Fraternity_ING-1-367x534.png 367w\" sizes=\"auto, (max-width: 247px) 100vw, 247px\" \/>\t\t<\/a>\n\n\t\t\n\t\t<div class=\"wrapp-swatches\"><\/div>\n\t<\/div>\n\n\t<div class=\"product-element-bottom product-information\">\n\t\t<h3 class=\"wd-entities-title\"><a href=\"https:\/\/www.irdin.org.br\/site\/produtos\/9786599051005\/\">Fraternity &#8211; International Humanitarian Missions<\/a><\/h3>\t\t\t\t<div class=\"wd-product-cats\">\n\t\t\t<a href=\"https:\/\/www.irdin.org.br\/site\/categoria-produto\/livro\/\" rel=\"tag\">Livro<\/a>, <a href=\"https:\/\/www.irdin.org.br\/site\/categoria-produto\/livro\/livros-livro\/\" rel=\"tag\">Livros<\/a>\t\t<\/div>\n\t\t\t\t<div class=\"product-rating-price\">\n\t\t\t<div class=\"wrapp-product-price\">\n\t\t\t\t\n\t<span class=\"price\"><span class=\"woocommerce-Price-amount amount\"><bdi><span class=\"woocommerce-Price-currencySymbol\">&#82;&#36;<\/span>&nbsp;75,00<\/bdi><\/span><\/span>\n\t\t\t\t\t\t\t<\/div>\n\t\t<\/div>\n\t\t\t\t<div class=\"fade-in-block wd-scroll\">\n\t\t\t<div class=\"hover-content wd-more-desc\">\n\t\t\t\t<div class=\"hover-content-inner wd-more-desc-inner\">\n\t\t\t\t\tThe aims of the Fraternidade missions are to do good and bring peace to people and to the Kingdoms of\t\t\t\t<\/div>\n\t\t\t\t<a href=\"#\" rel=\"nofollow\" class=\"wd-more-desc-btn\" aria-label=\"Leia mais descri\u00e7\u00e3o\"><\/a>\n\t\t\t<\/div>\n\t\t\t<div class=\" wd-bottom-actions\">\n\t\t\t\t<div class=\"wrap-wishlist-button\"><\/div>\n\t\t\t\t<div class=\"wd-add-btn wd-add-btn-replace\">\n\t\t\t\t\t<a href=\"https:\/\/www.irdin.org.br\/site\/produtos\/9786599051005\/\" aria-describedby=\"woocommerce_loop_add_to_cart_link_describedby_86938\" data-quantity=\"1\" class=\"button product_type_simple add-to-cart-loop\" data-product_id=\"86938\" data-product_sku=\"9786599051005\" aria-label=\"Leia mais sobre &ldquo;Fraternity - International Humanitarian Missions&rdquo;\" rel=\"nofollow\" data-success_message=\"\"><span>Leia mais<\/span><\/a>\t<span id=\"woocommerce_loop_add_to_cart_link_describedby_86938\" class=\"screen-reader-text\">\n\t\t\t<\/span>\n\t\t\t\t\t\t\t\t\t\t\t\t\t\t\t\t\t\t\t\t<\/div>\n\t\t\t\t<div class=\"wrap-quickview-button\">\t\t<div class=\"quick-view wd-action-btn wd-style-icon wd-quick-view-icon\">\n\t\t\t<a\n\t\t\t\thref=\"https:\/\/www.irdin.org.br\/site\/produtos\/9786599051005\/\"\n\t\t\t\tclass=\"open-quick-view quick-view-button\"\n\t\t\t\trel=\"nofollow\"\n\t\t\t\tdata-id=\"86938\"\n\t\t\t\t>Olhada r\u00e1pida<\/a>\n\t\t<\/div>\n\t\t<\/div>\n\t\t\t<\/div>\n\n\t\t\t\t\t\t\n\t\t\t\t\t<\/div>\n\t<\/div>\n<\/div>\n<\/div>\n<div class=\"wd-product wd-with-labels wd-hover-base wd-hover-with-fade wd-col product-grid-item product product-no-swatches type-product post-85087 status-publish instock product_cat-livro product_cat-livros-livro product_tag-33294 has-post-thumbnail sale purchasable product-type-simple\" data-loop=\"9\" data-id=\"85087\">\n\t\n\t\n<div class=\"product-wrapper\">\n\t<div class=\"content-product-imagin\"><\/div>\n\t<div class=\"product-element-top wd-quick-shop\">\n\t\t<a href=\"https:\/\/www.irdin.org.br\/site\/produtos\/9788560835843\/\" class=\"product-image-link\" tabindex=\"-1\" aria-label=\"Por que ningu\u00e9m me disse isso antes?\">\n\t\t\t<div class=\"product-labels labels-rectangular\"><span class=\"onsale product-label\">-50%<\/span><\/div><img loading=\"lazy\" decoding=\"async\" width=\"430\" height=\"556\" src=\"https:\/\/www.irdin.org.br\/site\/wp-content\/uploads\/2017\/01\/9293_4517__1__por_por__por_que_ninguem_me_disse_isso_antes-430x556.jpg\" class=\"attachment-woocommerce_thumbnail size-woocommerce_thumbnail\" alt=\"\" srcset=\"https:\/\/www.irdin.org.br\/site\/wp-content\/uploads\/2017\/01\/9293_4517__1__por_por__por_que_ninguem_me_disse_isso_antes-430x556.jpg 430w, https:\/\/www.irdin.org.br\/site\/wp-content\/uploads\/2017\/01\/9293_4517__1__por_por__por_que_ninguem_me_disse_isso_antes-150x194.jpg 150w, https:\/\/www.irdin.org.br\/site\/wp-content\/uploads\/2017\/01\/9293_4517__1__por_por__por_que_ninguem_me_disse_isso_antes-510x660.jpg 510w, https:\/\/www.irdin.org.br\/site\/wp-content\/uploads\/2017\/01\/9293_4517__1__por_por__por_que_ninguem_me_disse_isso_antes-247x319.jpg 247w, https:\/\/www.irdin.org.br\/site\/wp-content\/uploads\/2017\/01\/9293_4517__1__por_por__por_que_ninguem_me_disse_isso_antes.jpg 617w\" sizes=\"auto, (max-width: 430px) 100vw, 430px\" \/>\t\t<\/a>\n\n\t\t\n\t\t<div class=\"wrapp-swatches\"><\/div>\n\t<\/div>\n\n\t<div class=\"product-element-bottom product-information\">\n\t\t<h3 class=\"wd-entities-title\"><a href=\"https:\/\/www.irdin.org.br\/site\/produtos\/9788560835843\/\">Por que ningu\u00e9m me disse isso antes?<\/a><\/h3>\t\t\t\t<div class=\"wd-product-cats\">\n\t\t\t<a href=\"https:\/\/www.irdin.org.br\/site\/categoria-produto\/livro\/\" rel=\"tag\">Livro<\/a>, <a href=\"https:\/\/www.irdin.org.br\/site\/categoria-produto\/livro\/livros-livro\/\" rel=\"tag\">Livros<\/a>\t\t<\/div>\n\t\t\t\t<div class=\"product-rating-price\">\n\t\t\t<div class=\"wrapp-product-price\">\n\t\t\t\t\n\t<span class=\"price\"><del aria-hidden=\"true\"><span class=\"woocommerce-Price-amount amount\"><bdi><span class=\"woocommerce-Price-currencySymbol\">&#82;&#36;<\/span>&nbsp;40,00<\/bdi><\/span><\/del> <span class=\"screen-reader-text\">O pre\u00e7o original era: &#082;&#036;&nbsp;40,00.<\/span><ins aria-hidden=\"true\"><span class=\"woocommerce-Price-amount amount\"><bdi><span class=\"woocommerce-Price-currencySymbol\">&#82;&#36;<\/span>&nbsp;20,00<\/bdi><\/span><\/ins><span class=\"screen-reader-text\">O pre\u00e7o atual \u00e9: &#082;&#036;&nbsp;20,00.<\/span><\/span>\n\t\t\t\t\t\t\t<\/div>\n\t\t<\/div>\n\t\t\t\t<div class=\"fade-in-block wd-scroll\">\n\t\t\t<div class=\"hover-content wd-more-desc\">\n\t\t\t\t<div class=\"hover-content-inner wd-more-desc-inner\">\n\t\t\t\t\tO tema do livro \u00e9 o amor \u00e0 Cria\u00e7\u00e3o. Relatos extraordin\u00e1rios englobam realidades e mist\u00e9rios, c\u00f3smicos e cotidianos, ocorridos em\t\t\t\t<\/div>\n\t\t\t\t<a href=\"#\" rel=\"nofollow\" class=\"wd-more-desc-btn\" aria-label=\"Leia mais descri\u00e7\u00e3o\"><\/a>\n\t\t\t<\/div>\n\t\t\t<div class=\" wd-bottom-actions\">\n\t\t\t\t<div class=\"wrap-wishlist-button\"><\/div>\n\t\t\t\t<div class=\"wd-add-btn wd-add-btn-replace\">\n\t\t\t\t\t<a href=\"\/site\/wp-json\/wp\/v2\/posts\/103472?add-to-cart=85087\" aria-describedby=\"woocommerce_loop_add_to_cart_link_describedby_85087\" data-quantity=\"1\" class=\"button product_type_simple add_to_cart_button ajax_add_to_cart add-to-cart-loop\" data-product_id=\"85087\" data-product_sku=\"9788560835843\" aria-label=\"Adicione ao carrinho: &ldquo;Por que ningu\u00e9m me disse isso antes?&rdquo;\" rel=\"nofollow\" data-success_message=\"\u201cPor que ningu\u00e9m me disse isso antes?\u201d foi adicionado ao seu carrinho\"><span>Adicionar ao carrinho<\/span><\/a>\t<span id=\"woocommerce_loop_add_to_cart_link_describedby_85087\" class=\"screen-reader-text\">\n\t\t\t<\/span>\n\t\t\t\t\t\t\t\t\t\t\t\t\t\t\t\t\t\t\t\t<\/div>\n\t\t\t\t<div class=\"wrap-quickview-button\">\t\t<div class=\"quick-view wd-action-btn wd-style-icon wd-quick-view-icon\">\n\t\t\t<a\n\t\t\t\thref=\"https:\/\/www.irdin.org.br\/site\/produtos\/9788560835843\/\"\n\t\t\t\tclass=\"open-quick-view quick-view-button\"\n\t\t\t\trel=\"nofollow\"\n\t\t\t\tdata-id=\"85087\"\n\t\t\t\t>Olhada r\u00e1pida<\/a>\n\t\t<\/div>\n\t\t<\/div>\n\t\t\t<\/div>\n\n\t\t\t\t\t\t\n\t\t\t\t\t<\/div>\n\t<\/div>\n<\/div>\n<\/div>\n<div class=\"wd-product wd-hover-base wd-hover-with-fade wd-col product-grid-item product product-no-swatches type-product post-85091 status-publish instock product_cat-livro product_cat-livros-livro product_tag-33298 has-post-thumbnail purchasable product-type-simple\" data-loop=\"10\" data-id=\"85091\">\n\t\n\t\n<div class=\"product-wrapper\">\n\t<div class=\"content-product-imagin\"><\/div>\n\t<div class=\"product-element-top wd-quick-shop\">\n\t\t<a href=\"https:\/\/www.irdin.org.br\/site\/produtos\/9788560835829\/\" class=\"product-image-link\" tabindex=\"-1\" aria-label=\"Viver o Amor aos C\u00e3es &#8211; Parque Francisco de Assis\">\n\t\t\t<img loading=\"lazy\" decoding=\"async\" width=\"220\" height=\"208\" src=\"https:\/\/www.irdin.org.br\/site\/wp-content\/uploads\/2016\/08\/9293_4079__1__por_por__viver_o_amor_aos_caes.jpg\" class=\"attachment-woocommerce_thumbnail size-woocommerce_thumbnail\" alt=\"\" srcset=\"https:\/\/www.irdin.org.br\/site\/wp-content\/uploads\/2016\/08\/9293_4079__1__por_por__viver_o_amor_aos_caes.jpg 220w, https:\/\/www.irdin.org.br\/site\/wp-content\/uploads\/2016\/08\/9293_4079__1__por_por__viver_o_amor_aos_caes-150x142.jpg 150w\" sizes=\"auto, (max-width: 220px) 100vw, 220px\" \/>\t\t<\/a>\n\n\t\t\n\t\t<div class=\"wrapp-swatches\"><\/div>\n\t<\/div>\n\n\t<div class=\"product-element-bottom product-information\">\n\t\t<h3 class=\"wd-entities-title\"><a href=\"https:\/\/www.irdin.org.br\/site\/produtos\/9788560835829\/\">Viver o Amor aos C\u00e3es &#8211; Parque Francisco de Assis<\/a><\/h3>\t\t\t\t<div class=\"wd-product-cats\">\n\t\t\t<a href=\"https:\/\/www.irdin.org.br\/site\/categoria-produto\/livro\/\" rel=\"tag\">Livro<\/a>, <a href=\"https:\/\/www.irdin.org.br\/site\/categoria-produto\/livro\/livros-livro\/\" rel=\"tag\">Livros<\/a>\t\t<\/div>\n\t\t\t\t<div class=\"product-rating-price\">\n\t\t\t<div class=\"wrapp-product-price\">\n\t\t\t\t\n\t<span class=\"price\"><span class=\"woocommerce-Price-amount amount\"><bdi><span class=\"woocommerce-Price-currencySymbol\">&#82;&#36;<\/span>&nbsp;30,00<\/bdi><\/span><\/span>\n\t\t\t\t\t\t\t<\/div>\n\t\t<\/div>\n\t\t\t\t<div class=\"fade-in-block wd-scroll\">\n\t\t\t<div class=\"hover-content wd-more-desc\">\n\t\t\t\t<div class=\"hover-content-inner wd-more-desc-inner\">\n\t\t\t\t\tCom a responsabilidade sagrada de transformar vidas, um grupo de volunt\u00e1rios ofertou-se para o servi\u00e7o de resgate. Em um ex-matadouro\t\t\t\t<\/div>\n\t\t\t\t<a href=\"#\" rel=\"nofollow\" class=\"wd-more-desc-btn\" aria-label=\"Leia mais descri\u00e7\u00e3o\"><\/a>\n\t\t\t<\/div>\n\t\t\t<div class=\" wd-bottom-actions\">\n\t\t\t\t<div class=\"wrap-wishlist-button\"><\/div>\n\t\t\t\t<div class=\"wd-add-btn wd-add-btn-replace\">\n\t\t\t\t\t<a href=\"\/site\/wp-json\/wp\/v2\/posts\/103472?add-to-cart=85091\" aria-describedby=\"woocommerce_loop_add_to_cart_link_describedby_85091\" data-quantity=\"1\" class=\"button product_type_simple add_to_cart_button ajax_add_to_cart add-to-cart-loop\" data-product_id=\"85091\" data-product_sku=\"9788560835829\" aria-label=\"Adicione ao carrinho: &ldquo;Viver o Amor aos C\u00e3es - Parque Francisco de Assis&rdquo;\" rel=\"nofollow\" data-success_message=\"\u201cViver o Amor aos C\u00e3es - Parque Francisco de Assis\u201d foi adicionado ao seu carrinho\"><span>Adicionar ao carrinho<\/span><\/a>\t<span id=\"woocommerce_loop_add_to_cart_link_describedby_85091\" class=\"screen-reader-text\">\n\t\t\t<\/span>\n\t\t\t\t\t\t\t\t\t\t\t\t\t\t\t\t\t\t\t\t<\/div>\n\t\t\t\t<div class=\"wrap-quickview-button\">\t\t<div class=\"quick-view wd-action-btn wd-style-icon wd-quick-view-icon\">\n\t\t\t<a\n\t\t\t\thref=\"https:\/\/www.irdin.org.br\/site\/produtos\/9788560835829\/\"\n\t\t\t\tclass=\"open-quick-view quick-view-button\"\n\t\t\t\trel=\"nofollow\"\n\t\t\t\tdata-id=\"85091\"\n\t\t\t\t>Olhada r\u00e1pida<\/a>\n\t\t<\/div>\n\t\t<\/div>\n\t\t\t<\/div>\n\n\t\t\t\t\t\t\n\t\t\t\t\t<\/div>\n\t<\/div>\n<\/div>\n<\/div>\n<\/div>\n<\/div><\/div>\n<p style=\"text-align: center;\"><a href=\"http:\/\/www.irdin.org.br\/site\/pa_autor\/ana-regina-nogueira\"><strong>See all products<\/strong><\/a><\/p>\n<p>&nbsp;<\/p>\n","protected":false},"excerpt":{"rendered":"<p>Ana Regina Nogueira Born in Belo Horizonte, Brazil, Ana Regina Nogueira is an internationally recognized photographer. From an early age<\/p>\n","protected":false},"author":1,"featured_media":0,"comment_status":"closed","ping_status":"closed","sticky":false,"template":"","format":"standard","meta":{"_acf_changed":false,"footnotes":""},"categories":[43985],"tags":[],"class_list":["post-103472","post","type-post","status-publish","format-standard","hentry","category-uncategorized"],"acf":[],"_links":{"self":[{"href":"https:\/\/www.irdin.org.br\/site\/wp-json\/wp\/v2\/posts\/103472","targetHints":{"allow":["GET"]}}],"collection":[{"href":"https:\/\/www.irdin.org.br\/site\/wp-json\/wp\/v2\/posts"}],"about":[{"href":"https:\/\/www.irdin.org.br\/site\/wp-json\/wp\/v2\/types\/post"}],"author":[{"embeddable":true,"href":"https:\/\/www.irdin.org.br\/site\/wp-json\/wp\/v2\/users\/1"}],"replies":[{"embeddable":true,"href":"https:\/\/www.irdin.org.br\/site\/wp-json\/wp\/v2\/comments?post=103472"}],"version-history":[{"count":3,"href":"https:\/\/www.irdin.org.br\/site\/wp-json\/wp\/v2\/posts\/103472\/revisions"}],"predecessor-version":[{"id":106646,"href":"https:\/\/www.irdin.org.br\/site\/wp-json\/wp\/v2\/posts\/103472\/revisions\/106646"}],"wp:attachment":[{"href":"https:\/\/www.irdin.org.br\/site\/wp-json\/wp\/v2\/media?parent=103472"}],"wp:term":[{"taxonomy":"category","embeddable":true,"href":"https:\/\/www.irdin.org.br\/site\/wp-json\/wp\/v2\/categories?post=103472"},{"taxonomy":"post_tag","embeddable":true,"href":"https:\/\/www.irdin.org.br\/site\/wp-json\/wp\/v2\/tags?post=103472"}],"curies":[{"name":"wp","href":"https:\/\/api.w.org\/{rel}","templated":true}]}}