{"id":106519,"date":"2024-05-09T13:59:20","date_gmt":"2024-05-09T13:59:20","guid":{"rendered":"https:\/\/www.irdin.org.br\/site\/vladimir-ricardo-da-rosa-moreira\/"},"modified":"2024-07-15T13:05:19","modified_gmt":"2024-07-15T13:05:19","slug":"vladimir-ricardo-da-rosa-moreira","status":"publish","type":"post","link":"https:\/\/www.irdin.org.br\/site\/vladimir-ricardo-da-rosa-moreira\/","title":{"rendered":"Vladimir Ricardo da Rosa Moreira"},"content":{"rendered":"\t\t<div data-elementor-type=\"wp-post\" data-elementor-id=\"106519\" class=\"elementor elementor-106519\">\n\t\t\t\t<div class=\"wd-negative-gap elementor-element elementor-element-5697090 e-flex e-con-boxed e-con e-parent\" data-id=\"5697090\" data-element_type=\"container\" data-e-type=\"container\">\n\t\t\t\t\t<div class=\"e-con-inner\">\n\t\t<div class=\"elementor-element elementor-element-dfeabc8 e-con-full e-flex e-con e-child\" data-id=\"dfeabc8\" data-element_type=\"container\" data-e-type=\"container\">\n\t\t\t\t<div class=\"elementor-element elementor-element-2e35868 elementor-widget elementor-widget-image\" data-id=\"2e35868\" data-element_type=\"widget\" data-e-type=\"widget\" data-widget_type=\"image.default\">\n\t\t\t\t<div class=\"elementor-widget-container\">\n\t\t\t\t\t\t\t\t\t\t\t\t\t\t\t<img loading=\"lazy\" decoding=\"async\" width=\"229\" height=\"300\" src=\"https:\/\/www.irdin.org.br\/site\/wp-content\/uploads\/2024\/05\/foto-wladimir-229x300.png\" class=\"attachment-medium size-medium wp-image-106189\" alt=\"\" srcset=\"https:\/\/www.irdin.org.br\/site\/wp-content\/uploads\/2024\/05\/foto-wladimir-229x300.png 229w, https:\/\/www.irdin.org.br\/site\/wp-content\/uploads\/2024\/05\/foto-wladimir-611x800.png 611w, https:\/\/www.irdin.org.br\/site\/wp-content\/uploads\/2024\/05\/foto-wladimir-768x1005.png 768w, https:\/\/www.irdin.org.br\/site\/wp-content\/uploads\/2024\/05\/foto-wladimir-1174x1536.png 1174w, https:\/\/www.irdin.org.br\/site\/wp-content\/uploads\/2024\/05\/foto-wladimir-430x563.png 430w, https:\/\/www.irdin.org.br\/site\/wp-content\/uploads\/2024\/05\/foto-wladimir-700x916.png 700w, https:\/\/www.irdin.org.br\/site\/wp-content\/uploads\/2024\/05\/foto-wladimir-150x196.png 150w, https:\/\/www.irdin.org.br\/site\/wp-content\/uploads\/2024\/05\/foto-wladimir.png 1224w\" sizes=\"auto, (max-width: 229px) 100vw, 229px\" \/>\t\t\t\t\t\t\t\t\t\t\t\t\t\t\t<\/div>\n\t\t\t\t<\/div>\n\t\t\t\t<\/div>\n\t\t<div class=\"elementor-element elementor-element-28118d4 e-con-full e-flex e-con e-child\" data-id=\"28118d4\" data-element_type=\"container\" data-e-type=\"container\">\n\t\t\t\t<div class=\"elementor-element elementor-element-0be7f92 color-scheme-inherit text-left elementor-widget elementor-widget-text-editor\" data-id=\"0be7f92\" data-element_type=\"widget\" data-e-type=\"widget\" data-widget_type=\"text-editor.default\">\n\t\t\t\t<div class=\"elementor-widget-container\">\n\t\t\t\t\t\t\t\t\t<h1><strong>Vladimir Ricardo da Rosa Moreira<\/strong><\/h1><p>Graduated from the University of the Campanha Region (U R C A M P ), he carried out research on the theme &#8220;Challenges of vegetable seed production in organic and biodynamic farmers&#8217; associations in the south of Minas Gerais&#8221; in his Master&#8217;s dissertation at the Federal University of Lavras (UFLA) in Lavras-MG, at the Department of Administration and Economics (DAE), in the Postgraduate Program in Sustainable Development and Extension (PPGDE). His professional experience is consolidated as a researcher and consultant for important agroecological seed institutions throughout Brazil, such as Bionatur, where he contributed as technical coordinator for several years.<\/p><p>He currently works as a consultant for SENAR &#8211; SP in long-term programs on Organic Olericulture, Organic Tomatoes, Organic Potatoes, Organic Nutrition and Seed Production of Vegetables, among other projects in various Brazilian states.<\/p><p>He is also currently a consultant for the ABD (Brazilian Association of Biodynamic Agriculture) in the area of seed production, participatory breeding, organic and biodynamic olericulture in groups of small farmers in various Brazilian states.<\/p><p>With dozens of scientific articles published in specialized agricultural journals, his work stands out for its research and application of knowledge related to organic farming, highlighting the importance of valuing agroecological seeds and their particularities, encouraging responsible agriculture in harmony with the kingdoms of nature.<\/p>\t\t\t\t\t\t\t\t<\/div>\n\t\t\t\t<\/div>\n\t\t\t\t<\/div>\n\t\t\t\t\t<\/div>\n\t\t\t\t<\/div>\n\t\t<div class=\"elementor-element elementor-element-131c0756 e-flex e-con-boxed e-con e-parent\" data-id=\"131c0756\" data-element_type=\"container\" data-e-type=\"container\">\n\t\t\t\t\t<div class=\"e-con-inner\">\n\t\t\t\t<div class=\"elementor-element elementor-element-7b0d0ec1 color-scheme-inherit text-left elementor-widget elementor-widget-text-editor\" data-id=\"7b0d0ec1\" data-element_type=\"widget\" data-e-type=\"widget\" data-widget_type=\"text-editor.default\">\n\t\t\t\t<div class=\"elementor-widget-container\">\n\t\t\t\t\t\t\t\t\t<h3 style=\"text-align: center;\"><strong>Latest publications<\/strong><\/h3><p><div class=\"woocommerce columns-6 \"><div class=\"wd-products-element\">\t\t\t<div class=\"wd-sticky-loader wd-content-loader\"><span class=\"wd-loader\"><\/span><\/div>\n\t\t\n<div class=\"products wd-products wd-grid-g grid-columns-3 elements-grid pagination-pagination\" data-source=\"main_loop\" data-min_price=\"\" data-max_price=\"\" data-columns=\"3\" style=\"--wd-col-lg:3;--wd-col-md:3;--wd-col-sm:2;--wd-gap-lg:20px;--wd-gap-sm:10px;\">\n<div class=\"wd-product wd-with-labels wd-hover-base wd-hover-with-fade wd-col product-grid-item product product-no-swatches type-product post-104221 status-publish instock product_cat-livro product_cat-livros-livro product_tag-lancamento has-post-thumbnail featured purchasable product-type-simple\" data-loop=\"1\" data-id=\"104221\">\n\t\n\t\n<div class=\"product-wrapper\">\n\t<div class=\"content-product-imagin\"><\/div>\n\t<div class=\"product-element-top wd-quick-shop\">\n\t\t<a href=\"https:\/\/www.irdin.org.br\/site\/produtos\/9786588468548\/\" class=\"product-image-link\" tabindex=\"-1\" aria-label=\"Guia Pr\u00e1tico para Produ\u00e7\u00e3o de Sementes de Hortali\u00e7as\">\n\t\t\t<div class=\"product-labels labels-rectangular\"><span class=\"featured product-label\">Quente<\/span><\/div><img loading=\"lazy\" decoding=\"async\" width=\"247\" height=\"247\" src=\"https:\/\/www.irdin.org.br\/site\/wp-content\/uploads\/2023\/10\/photo_5010812261639498689_w-1-247x247.jpg\" class=\"attachment-woocommerce_thumbnail size-woocommerce_thumbnail\" alt=\"\" srcset=\"https:\/\/www.irdin.org.br\/site\/wp-content\/uploads\/2023\/10\/photo_5010812261639498689_w-1-247x247.jpg 247w, https:\/\/www.irdin.org.br\/site\/wp-content\/uploads\/2023\/10\/photo_5010812261639498689_w-1-300x300.jpg 300w, https:\/\/www.irdin.org.br\/site\/wp-content\/uploads\/2023\/10\/photo_5010812261639498689_w-1-150x150.jpg 150w, https:\/\/www.irdin.org.br\/site\/wp-content\/uploads\/2023\/10\/photo_5010812261639498689_w-1-400x400.jpg 400w, https:\/\/www.irdin.org.br\/site\/wp-content\/uploads\/2023\/10\/photo_5010812261639498689_w-1-367x367.jpg 367w, https:\/\/www.irdin.org.br\/site\/wp-content\/uploads\/2023\/10\/photo_5010812261639498689_w-1-85x85.jpg 85w, https:\/\/www.irdin.org.br\/site\/wp-content\/uploads\/2023\/10\/photo_5010812261639498689_w-1-100x100.jpg 100w, https:\/\/www.irdin.org.br\/site\/wp-content\/uploads\/2023\/10\/photo_5010812261639498689_w-1-200x200.jpg 200w, https:\/\/www.irdin.org.br\/site\/wp-content\/uploads\/2023\/10\/photo_5010812261639498689_w-1-32x32.jpg 32w, https:\/\/www.irdin.org.br\/site\/wp-content\/uploads\/2023\/10\/photo_5010812261639498689_w-1.jpg 510w\" sizes=\"auto, (max-width: 247px) 100vw, 247px\" \/>\t\t<\/a>\n\n\t\t\n\t\t<div class=\"wrapp-swatches\"><\/div>\n\t<\/div>\n\n\t<div class=\"product-element-bottom product-information\">\n\t\t<h3 class=\"wd-entities-title\"><a href=\"https:\/\/www.irdin.org.br\/site\/produtos\/9786588468548\/\">Guia Pr\u00e1tico para Produ\u00e7\u00e3o de Sementes de Hortali\u00e7as<\/a><\/h3>\t\t\t\t<div class=\"wd-product-cats\">\n\t\t\t<a href=\"https:\/\/www.irdin.org.br\/site\/categoria-produto\/livro\/\" rel=\"tag\">Livro<\/a>, <a href=\"https:\/\/www.irdin.org.br\/site\/categoria-produto\/livro\/livros-livro\/\" rel=\"tag\">Livros<\/a>\t\t<\/div>\n\t\t\t\t<div class=\"product-rating-price\">\n\t\t\t<div class=\"wrapp-product-price\">\n\t\t\t\t\n\t<span class=\"price\"><span class=\"woocommerce-Price-amount amount\"><bdi><span class=\"woocommerce-Price-currencySymbol\">&#82;&#36;<\/span>&nbsp;80,00<\/bdi><\/span><\/span>\n\t\t\t\t\t\t\t<\/div>\n\t\t<\/div>\n\t\t\t\t<div class=\"fade-in-block wd-scroll\">\n\t\t\t<div class=\"hover-content wd-more-desc\">\n\t\t\t\t<div class=\"hover-content-inner wd-more-desc-inner\">\n\t\t\t\t\tO Guia Pr\u00e1tico para Produ\u00e7\u00e3o de Sementes de Hortali\u00e7as \u00e9 uma profunda s\u00edntese do conhecimento de anos de estudos do\t\t\t\t<\/div>\n\t\t\t\t<a href=\"#\" rel=\"nofollow\" class=\"wd-more-desc-btn\" aria-label=\"Leia mais descri\u00e7\u00e3o\"><\/a>\n\t\t\t<\/div>\n\t\t\t<div class=\" wd-bottom-actions\">\n\t\t\t\t<div class=\"wrap-wishlist-button\"><\/div>\n\t\t\t\t<div class=\"wd-add-btn wd-add-btn-replace\">\n\t\t\t\t\t<a href=\"\/site\/wp-json\/wp\/v2\/posts\/106519?add-to-cart=104221\" aria-describedby=\"woocommerce_loop_add_to_cart_link_describedby_104221\" data-quantity=\"1\" class=\"button product_type_simple add_to_cart_button ajax_add_to_cart add-to-cart-loop\" data-product_id=\"104221\" data-product_sku=\"9786588468548\" aria-label=\"Adicione ao carrinho: &ldquo;Guia Pr\u00e1tico para Produ\u00e7\u00e3o de Sementes de Hortali\u00e7as&rdquo;\" rel=\"nofollow\" data-success_message=\"\u201cGuia Pr\u00e1tico para Produ\u00e7\u00e3o de Sementes de Hortali\u00e7as\u201d foi adicionado ao seu carrinho\"><span>Adicionar ao carrinho<\/span><\/a>\t<span id=\"woocommerce_loop_add_to_cart_link_describedby_104221\" class=\"screen-reader-text\">\n\t\t\t<\/span>\n\t\t\t\t\t\t\t\t\t\t\t\t\t\t\t\t\t\t\t\t<\/div>\n\t\t\t\t<div class=\"wrap-quickview-button\">\t\t<div class=\"quick-view wd-action-btn wd-style-icon wd-quick-view-icon\">\n\t\t\t<a\n\t\t\t\thref=\"https:\/\/www.irdin.org.br\/site\/produtos\/9786588468548\/\"\n\t\t\t\tclass=\"open-quick-view quick-view-button\"\n\t\t\t\trel=\"nofollow\"\n\t\t\t\tdata-id=\"104221\"\n\t\t\t\t>Olhada r\u00e1pida<\/a>\n\t\t<\/div>\n\t\t<\/div>\n\t\t\t<\/div>\n\n\t\t\t\t\t\t\n\t\t\t\t\t<\/div>\n\t<\/div>\n<\/div>\n<\/div>\n<\/div>\n<\/div><\/div><\/p>\t\t\t\t\t\t\t\t<\/div>\n\t\t\t\t<\/div>\n\t\t\t\t\t<\/div>\n\t\t\t\t<\/div>\n\t\t\t\t<\/div>\n\t\t","protected":false},"excerpt":{"rendered":"<p>Graduated from the University of the Campanha Region (U R C A M P ), he carried out research on the theme &#8220;Challenges of vegetable seed production in organic and biodynamic farmers&#8217; associations in the south of Minas Gerais&#8221;.  <\/p>\n","protected":false},"author":756,"featured_media":0,"comment_status":"closed","ping_status":"closed","sticky":false,"template":"","format":"standard","meta":{"_acf_changed":false,"footnotes":""},"categories":[1],"tags":[],"class_list":["post-106519","post","type-post","status-publish","format-standard","hentry","category-autores"],"acf":[],"_links":{"self":[{"href":"https:\/\/www.irdin.org.br\/site\/wp-json\/wp\/v2\/posts\/106519","targetHints":{"allow":["GET"]}}],"collection":[{"href":"https:\/\/www.irdin.org.br\/site\/wp-json\/wp\/v2\/posts"}],"about":[{"href":"https:\/\/www.irdin.org.br\/site\/wp-json\/wp\/v2\/types\/post"}],"author":[{"embeddable":true,"href":"https:\/\/www.irdin.org.br\/site\/wp-json\/wp\/v2\/users\/756"}],"replies":[{"embeddable":true,"href":"https:\/\/www.irdin.org.br\/site\/wp-json\/wp\/v2\/comments?post=106519"}],"version-history":[{"count":8,"href":"https:\/\/www.irdin.org.br\/site\/wp-json\/wp\/v2\/posts\/106519\/revisions"}],"predecessor-version":[{"id":106527,"href":"https:\/\/www.irdin.org.br\/site\/wp-json\/wp\/v2\/posts\/106519\/revisions\/106527"}],"wp:attachment":[{"href":"https:\/\/www.irdin.org.br\/site\/wp-json\/wp\/v2\/media?parent=106519"}],"wp:term":[{"taxonomy":"category","embeddable":true,"href":"https:\/\/www.irdin.org.br\/site\/wp-json\/wp\/v2\/categories?post=106519"},{"taxonomy":"post_tag","embeddable":true,"href":"https:\/\/www.irdin.org.br\/site\/wp-json\/wp\/v2\/tags?post=106519"}],"curies":[{"name":"wp","href":"https:\/\/api.w.org\/{rel}","templated":true}]}}