{"id":69884,"date":"2017-05-31T01:26:21","date_gmt":"2017-05-31T01:26:21","guid":{"rendered":"http:\/\/www.irdin.org.br\/site\/irma-constancia\/"},"modified":"2024-05-14T13:37:11","modified_gmt":"2024-05-14T13:37:11","slug":"madre-constancia","status":"publish","type":"post","link":"https:\/\/www.irdin.org.br\/site\/madre-constancia\/","title":{"rendered":"Madre Const\u00e2ncia"},"content":{"rendered":"<p><img loading=\"lazy\" decoding=\"async\" class=\"size-full wp-image-39566 alignleft\" src=\"https:\/\/www.irdin.org.br\/site\/envios\/imagens\/autores\/padrao_autor.jpg\" alt=\"Irm\u00e3 Const\u00e2ncia\" width=\"200\" height=\"133\" \/><\/p>\n<p><strong>Madre Const\u00e2ncia<\/strong><\/p>\n<p>Monga consagrada da Ordem Gra\u00e7a Miseric\u00f3rdia.<\/p>\n<h5><\/h5>\n<p>&nbsp;<\/p>\n<p>&nbsp;<\/p>\n<p>&nbsp;<\/p>\n<p>&nbsp;<\/p>\n<h5><strong>\u00daLTIMAS PUBLICA\u00c7\u00d5ES DO AUTOR<\/strong><\/h5>\n<div class=\"woocommerce columns-6 \"><div class=\"wd-products-element\">\t\t\t<div class=\"wd-sticky-loader wd-content-loader\"><span class=\"wd-loader\"><\/span><\/div>\n\t\t\n<div class=\"products wd-products wd-grid-g grid-columns-3 elements-grid pagination-pagination\" data-source=\"main_loop\" data-min_price=\"\" data-max_price=\"\" data-columns=\"3\" style=\"--wd-col-lg:3;--wd-col-md:3;--wd-col-sm:2;--wd-gap-lg:20px;--wd-gap-sm:10px;\">\n<div class=\"wd-product wd-with-labels wd-hover-base wd-hover-with-fade wd-col product-grid-item product product-no-swatches type-product post-82790 status-publish outofstock product_cat-cddvd product_cat-palestras product_tag-38965 has-post-thumbnail product-type-simple\" data-loop=\"1\" data-id=\"82790\">\n\t\n\t\n<div class=\"product-wrapper\">\n\t<div class=\"content-product-imagin\"><\/div>\n\t<div class=\"product-element-top wd-quick-shop\">\n\t\t<a href=\"https:\/\/www.irdin.org.br\/site\/produtos\/46o-encontro-geral-de-figueira\/\" class=\"product-image-link\" tabindex=\"-1\" aria-label=\"46\u00ba Encontro Geral de Figueira\">\n\t\t\t<div class=\"product-labels labels-rectangular\"><span class=\"out-of-stock product-label\">Vendido<\/span><\/div><img loading=\"lazy\" decoding=\"async\" width=\"350\" height=\"359\" src=\"https:\/\/www.irdin.org.br\/site\/wp-content\/uploads\/2022\/02\/fones-ouvido-irdin.png\" class=\"attachment-woocommerce_thumbnail size-woocommerce_thumbnail\" alt=\"\" srcset=\"https:\/\/www.irdin.org.br\/site\/wp-content\/uploads\/2022\/02\/fones-ouvido-irdin.png 350w, https:\/\/www.irdin.org.br\/site\/wp-content\/uploads\/2022\/02\/fones-ouvido-irdin-150x154.png 150w, https:\/\/www.irdin.org.br\/site\/wp-content\/uploads\/2022\/02\/fones-ouvido-irdin-247x253.png 247w\" sizes=\"auto, (max-width: 350px) 100vw, 350px\" \/>\t\t<\/a>\n\n\t\t\n\t\t<div class=\"wrapp-swatches\"><\/div>\n\t<\/div>\n\n\t<div class=\"product-element-bottom product-information\">\n\t\t<h3 class=\"wd-entities-title\"><a href=\"https:\/\/www.irdin.org.br\/site\/produtos\/46o-encontro-geral-de-figueira\/\">46\u00ba Encontro Geral de Figueira<\/a><\/h3>\t\t\t\t<div class=\"wd-product-cats\">\n\t\t\t<a href=\"https:\/\/www.irdin.org.br\/site\/categoria-produto\/cddvd\/\" rel=\"tag\">CD\/DVD<\/a>, <a href=\"https:\/\/www.irdin.org.br\/site\/categoria-produto\/palestras\/\" rel=\"tag\">Palestras<\/a>\t\t<\/div>\n\t\t\t\t<div class=\"product-rating-price\">\n\t\t\t<div class=\"wrapp-product-price\">\n\t\t\t\t\n\t\t\t\t\t\t\t<\/div>\n\t\t<\/div>\n\t\t\t\t<div class=\"fade-in-block wd-scroll\">\n\t\t\t<div class=\"hover-content wd-more-desc\">\n\t\t\t\t<div class=\"hover-content-inner wd-more-desc-inner\">\n\t\t\t\t\t46\u00ba Encontro Geral de Figueira. Realizado de 10 a 13 de mar\u00e7o de 2011, com a participa\u00e7\u00e3o de Trigueirinho, Artur,\t\t\t\t<\/div>\n\t\t\t\t<a href=\"#\" rel=\"nofollow\" class=\"wd-more-desc-btn\" aria-label=\"Leia mais descri\u00e7\u00e3o\"><\/a>\n\t\t\t<\/div>\n\t\t\t<div class=\" wd-bottom-actions\">\n\t\t\t\t<div class=\"wrap-wishlist-button\"><\/div>\n\t\t\t\t<div class=\"wd-add-btn wd-add-btn-replace\">\n\t\t\t\t\t<a href=\"https:\/\/www.irdin.org.br\/site\/produtos\/46o-encontro-geral-de-figueira\/\" aria-describedby=\"woocommerce_loop_add_to_cart_link_describedby_82790\" data-quantity=\"1\" class=\"button product_type_simple add-to-cart-loop\" data-product_id=\"82790\" data-product_sku=\"46o-encontro-geral-de-figueira\" aria-label=\"Leia mais sobre &ldquo;46\u00ba Encontro Geral de Figueira&rdquo;\" rel=\"nofollow\" data-success_message=\"\"><span>Leia mais<\/span><\/a>\t<span id=\"woocommerce_loop_add_to_cart_link_describedby_82790\" class=\"screen-reader-text\">\n\t\t\t<\/span>\n\t\t\t\t\t\t\t\t\t\t\t\t\t\t\t\t\t\t\t\t<\/div>\n\t\t\t\t<div class=\"wrap-quickview-button\">\t\t<div class=\"quick-view wd-action-btn wd-style-icon wd-quick-view-icon\">\n\t\t\t<a\n\t\t\t\thref=\"https:\/\/www.irdin.org.br\/site\/produtos\/46o-encontro-geral-de-figueira\/\"\n\t\t\t\tclass=\"open-quick-view quick-view-button\"\n\t\t\t\trel=\"nofollow\"\n\t\t\t\tdata-id=\"82790\"\n\t\t\t\t>Olhada r\u00e1pida<\/a>\n\t\t<\/div>\n\t\t<\/div>\n\t\t\t<\/div>\n\n\t\t\t\t\t\t\n\t\t\t\t\t<\/div>\n\t<\/div>\n<\/div>\n<\/div>\n<div class=\"wd-product wd-with-labels wd-hover-base wd-hover-with-fade wd-col product-grid-item product product-no-swatches type-product post-84287 status-publish outofstock product_cat-cddvd product_cat-palestras product_tag-41875 has-post-thumbnail product-type-simple\" data-loop=\"2\" data-id=\"84287\">\n\t\n\t\n<div class=\"product-wrapper\">\n\t<div class=\"content-product-imagin\"><\/div>\n\t<div class=\"product-element-top wd-quick-shop\">\n\t\t<a href=\"https:\/\/www.irdin.org.br\/site\/produtos\/a-alegria-de-doar-se-palestra-no-47-encontro-geral-de-figueira\/\" class=\"product-image-link\" tabindex=\"-1\" aria-label=\"A alegria de doar-se &#8211; Palestra no 47\u00b0 Encontro Geral de Figueira\">\n\t\t\t<div class=\"product-labels labels-rectangular\"><span class=\"out-of-stock product-label\">Vendido<\/span><\/div><img loading=\"lazy\" decoding=\"async\" width=\"350\" height=\"359\" src=\"https:\/\/www.irdin.org.br\/site\/wp-content\/uploads\/2022\/02\/fones-ouvido-irdin.png\" class=\"attachment-woocommerce_thumbnail size-woocommerce_thumbnail\" alt=\"\" srcset=\"https:\/\/www.irdin.org.br\/site\/wp-content\/uploads\/2022\/02\/fones-ouvido-irdin.png 350w, https:\/\/www.irdin.org.br\/site\/wp-content\/uploads\/2022\/02\/fones-ouvido-irdin-150x154.png 150w, https:\/\/www.irdin.org.br\/site\/wp-content\/uploads\/2022\/02\/fones-ouvido-irdin-247x253.png 247w\" sizes=\"auto, (max-width: 350px) 100vw, 350px\" \/>\t\t<\/a>\n\n\t\t\n\t\t<div class=\"wrapp-swatches\"><\/div>\n\t<\/div>\n\n\t<div class=\"product-element-bottom product-information\">\n\t\t<h3 class=\"wd-entities-title\"><a href=\"https:\/\/www.irdin.org.br\/site\/produtos\/a-alegria-de-doar-se-palestra-no-47-encontro-geral-de-figueira\/\">A alegria de doar-se &#8211; Palestra no 47\u00b0 Encontro Geral de Figueira<\/a><\/h3>\t\t\t\t<div class=\"wd-product-cats\">\n\t\t\t<a href=\"https:\/\/www.irdin.org.br\/site\/categoria-produto\/cddvd\/\" rel=\"tag\">CD\/DVD<\/a>, <a href=\"https:\/\/www.irdin.org.br\/site\/categoria-produto\/palestras\/\" rel=\"tag\">Palestras<\/a>\t\t<\/div>\n\t\t\t\t<div class=\"product-rating-price\">\n\t\t\t<div class=\"wrapp-product-price\">\n\t\t\t\t\n\t\t\t\t\t\t\t<\/div>\n\t\t<\/div>\n\t\t\t\t<div class=\"fade-in-block wd-scroll\">\n\t\t\t<div class=\"hover-content wd-more-desc\">\n\t\t\t\t<div class=\"hover-content-inner wd-more-desc-inner\">\n\t\t\t\t\tO Monast\u00e9rio da Reden\u00e7\u00e3o e o N\u00facleo de Servi\u00e7o Crer-Sendo \/ Experi\u00eancias com os Reinos \/ Servir sem expectativas \/\t\t\t\t<\/div>\n\t\t\t\t<a href=\"#\" rel=\"nofollow\" class=\"wd-more-desc-btn\" aria-label=\"Leia mais descri\u00e7\u00e3o\"><\/a>\n\t\t\t<\/div>\n\t\t\t<div class=\" wd-bottom-actions\">\n\t\t\t\t<div class=\"wrap-wishlist-button\"><\/div>\n\t\t\t\t<div class=\"wd-add-btn wd-add-btn-replace\">\n\t\t\t\t\t<a href=\"https:\/\/www.irdin.org.br\/site\/produtos\/a-alegria-de-doar-se-palestra-no-47-encontro-geral-de-figueira\/\" aria-describedby=\"woocommerce_loop_add_to_cart_link_describedby_84287\" data-quantity=\"1\" class=\"button product_type_simple add-to-cart-loop\" data-product_id=\"84287\" data-product_sku=\"a-alegria-de-doar-se-palestra-no-47-encontro-geral-de-figueira\" aria-label=\"Leia mais sobre &ldquo;A alegria de doar-se - Palestra no 47\u00b0 Encontro Geral de Figueira&rdquo;\" rel=\"nofollow\" data-success_message=\"\"><span>Leia mais<\/span><\/a>\t<span id=\"woocommerce_loop_add_to_cart_link_describedby_84287\" class=\"screen-reader-text\">\n\t\t\t<\/span>\n\t\t\t\t\t\t\t\t\t\t\t\t\t\t\t\t\t\t\t\t<\/div>\n\t\t\t\t<div class=\"wrap-quickview-button\">\t\t<div class=\"quick-view wd-action-btn wd-style-icon wd-quick-view-icon\">\n\t\t\t<a\n\t\t\t\thref=\"https:\/\/www.irdin.org.br\/site\/produtos\/a-alegria-de-doar-se-palestra-no-47-encontro-geral-de-figueira\/\"\n\t\t\t\tclass=\"open-quick-view quick-view-button\"\n\t\t\t\trel=\"nofollow\"\n\t\t\t\tdata-id=\"84287\"\n\t\t\t\t>Olhada r\u00e1pida<\/a>\n\t\t<\/div>\n\t\t<\/div>\n\t\t\t<\/div>\n\n\t\t\t\t\t\t\n\t\t\t\t\t<\/div>\n\t<\/div>\n<\/div>\n<\/div>\n<div class=\"wd-product wd-with-labels wd-hover-base wd-hover-with-fade wd-col product-grid-item product product-no-swatches type-product post-84286 status-publish outofstock product_cat-cddvd product_cat-palestras product_tag-41873 has-post-thumbnail product-type-simple\" data-loop=\"3\" data-id=\"84286\">\n\t\n\t\n<div class=\"product-wrapper\">\n\t<div class=\"content-product-imagin\"><\/div>\n\t<div class=\"product-element-top wd-quick-shop\">\n\t\t<a href=\"https:\/\/www.irdin.org.br\/site\/produtos\/servico-e-redencao-nos-tempos-de-hoje\/\" class=\"product-image-link\" tabindex=\"-1\" aria-label=\"Servi\u00e7o e reden\u00e7\u00e3o nos tempos de hoje\">\n\t\t\t<div class=\"product-labels labels-rectangular\"><span class=\"out-of-stock product-label\">Vendido<\/span><\/div><img loading=\"lazy\" decoding=\"async\" width=\"350\" height=\"359\" src=\"https:\/\/www.irdin.org.br\/site\/wp-content\/uploads\/2022\/02\/fones-ouvido-irdin.png\" class=\"attachment-woocommerce_thumbnail size-woocommerce_thumbnail\" alt=\"\" srcset=\"https:\/\/www.irdin.org.br\/site\/wp-content\/uploads\/2022\/02\/fones-ouvido-irdin.png 350w, https:\/\/www.irdin.org.br\/site\/wp-content\/uploads\/2022\/02\/fones-ouvido-irdin-150x154.png 150w, https:\/\/www.irdin.org.br\/site\/wp-content\/uploads\/2022\/02\/fones-ouvido-irdin-247x253.png 247w\" sizes=\"auto, (max-width: 350px) 100vw, 350px\" \/>\t\t<\/a>\n\n\t\t\n\t\t<div class=\"wrapp-swatches\"><\/div>\n\t<\/div>\n\n\t<div class=\"product-element-bottom product-information\">\n\t\t<h3 class=\"wd-entities-title\"><a href=\"https:\/\/www.irdin.org.br\/site\/produtos\/servico-e-redencao-nos-tempos-de-hoje\/\">Servi\u00e7o e reden\u00e7\u00e3o nos tempos de hoje<\/a><\/h3>\t\t\t\t<div class=\"wd-product-cats\">\n\t\t\t<a href=\"https:\/\/www.irdin.org.br\/site\/categoria-produto\/cddvd\/\" rel=\"tag\">CD\/DVD<\/a>, <a href=\"https:\/\/www.irdin.org.br\/site\/categoria-produto\/palestras\/\" rel=\"tag\">Palestras<\/a>\t\t<\/div>\n\t\t\t\t<div class=\"product-rating-price\">\n\t\t\t<div class=\"wrapp-product-price\">\n\t\t\t\t\n\t\t\t\t\t\t\t<\/div>\n\t\t<\/div>\n\t\t\t\t<div class=\"fade-in-block wd-scroll\">\n\t\t\t<div class=\"hover-content wd-more-desc\">\n\t\t\t\t<div class=\"hover-content-inner wd-more-desc-inner\">\n\t\t\t\t\tPartilha de Abertura do 46\u00ba Encontro Geral de Figueira. &nbsp; Ou\u00e7a agora: Baixar servi\u00e7o e reden\u00e7\u00e3o nos tempos de hoje\t\t\t\t<\/div>\n\t\t\t\t<a href=\"#\" rel=\"nofollow\" class=\"wd-more-desc-btn\" aria-label=\"Leia mais descri\u00e7\u00e3o\"><\/a>\n\t\t\t<\/div>\n\t\t\t<div class=\" wd-bottom-actions\">\n\t\t\t\t<div class=\"wrap-wishlist-button\"><\/div>\n\t\t\t\t<div class=\"wd-add-btn wd-add-btn-replace\">\n\t\t\t\t\t<a href=\"https:\/\/www.irdin.org.br\/site\/produtos\/servico-e-redencao-nos-tempos-de-hoje\/\" aria-describedby=\"woocommerce_loop_add_to_cart_link_describedby_84286\" data-quantity=\"1\" class=\"button product_type_simple add-to-cart-loop\" data-product_id=\"84286\" data-product_sku=\"servico-e-redencao-nos-tempos-de-hoje\" aria-label=\"Leia mais sobre &ldquo;Servi\u00e7o e reden\u00e7\u00e3o nos tempos de hoje&rdquo;\" rel=\"nofollow\" data-success_message=\"\"><span>Leia mais<\/span><\/a>\t<span id=\"woocommerce_loop_add_to_cart_link_describedby_84286\" class=\"screen-reader-text\">\n\t\t\t<\/span>\n\t\t\t\t\t\t\t\t\t\t\t\t\t\t\t\t\t\t\t\t<\/div>\n\t\t\t\t<div class=\"wrap-quickview-button\">\t\t<div class=\"quick-view wd-action-btn wd-style-icon wd-quick-view-icon\">\n\t\t\t<a\n\t\t\t\thref=\"https:\/\/www.irdin.org.br\/site\/produtos\/servico-e-redencao-nos-tempos-de-hoje\/\"\n\t\t\t\tclass=\"open-quick-view quick-view-button\"\n\t\t\t\trel=\"nofollow\"\n\t\t\t\tdata-id=\"84286\"\n\t\t\t\t>Olhada r\u00e1pida<\/a>\n\t\t<\/div>\n\t\t<\/div>\n\t\t\t<\/div>\n\n\t\t\t\t\t\t\n\t\t\t\t\t<\/div>\n\t<\/div>\n<\/div>\n<\/div>\n<\/div>\n<\/div><\/div>\n<p style=\"text-align: center;\"><a href=\"http:\/\/www.irdin.org.br\/site\/pa_autor\/irma-constancia\"><strong>Ver todos os produtos<\/strong><\/a><\/p>\n<p>&nbsp;<\/p>\n","protected":false},"excerpt":{"rendered":"<p>Madre Const\u00e2ncia Monga consagrada da Ordem Gra\u00e7a Miseric\u00f3rdia. &nbsp; &nbsp; &nbsp; &nbsp; \u00daLTIMAS PUBLICA\u00c7\u00d5ES DO AUTOR Ver todos os produtos<\/p>\n","protected":false},"author":1,"featured_media":0,"comment_status":"closed","ping_status":"closed","sticky":false,"template":"","format":"standard","meta":{"_acf_changed":false,"footnotes":""},"categories":[1],"tags":[],"class_list":["post-69884","post","type-post","status-publish","format-standard","hentry","category-autores"],"acf":[],"_links":{"self":[{"href":"https:\/\/www.irdin.org.br\/site\/wp-json\/wp\/v2\/posts\/69884","targetHints":{"allow":["GET"]}}],"collection":[{"href":"https:\/\/www.irdin.org.br\/site\/wp-json\/wp\/v2\/posts"}],"about":[{"href":"https:\/\/www.irdin.org.br\/site\/wp-json\/wp\/v2\/types\/post"}],"author":[{"embeddable":true,"href":"https:\/\/www.irdin.org.br\/site\/wp-json\/wp\/v2\/users\/1"}],"replies":[{"embeddable":true,"href":"https:\/\/www.irdin.org.br\/site\/wp-json\/wp\/v2\/comments?post=69884"}],"version-history":[{"count":4,"href":"https:\/\/www.irdin.org.br\/site\/wp-json\/wp\/v2\/posts\/69884\/revisions"}],"predecessor-version":[{"id":106257,"href":"https:\/\/www.irdin.org.br\/site\/wp-json\/wp\/v2\/posts\/69884\/revisions\/106257"}],"wp:attachment":[{"href":"https:\/\/www.irdin.org.br\/site\/wp-json\/wp\/v2\/media?parent=69884"}],"wp:term":[{"taxonomy":"category","embeddable":true,"href":"https:\/\/www.irdin.org.br\/site\/wp-json\/wp\/v2\/categories?post=69884"},{"taxonomy":"post_tag","embeddable":true,"href":"https:\/\/www.irdin.org.br\/site\/wp-json\/wp\/v2\/tags?post=69884"}],"curies":[{"name":"wp","href":"https:\/\/api.w.org\/{rel}","templated":true}]}}