{"id":69895,"date":"2017-05-31T01:26:21","date_gmt":"2017-05-31T01:26:21","guid":{"rendered":"http:\/\/www.irdin.org.br\/site\/trigueirinho\/"},"modified":"2024-05-14T14:05:43","modified_gmt":"2024-05-14T14:05:43","slug":"trigueirinho","status":"publish","type":"post","link":"https:\/\/www.irdin.org.br\/site\/trigueirinho\/","title":{"rendered":"Trigueirinho"},"content":{"rendered":"\t\t<div data-elementor-type=\"wp-post\" data-elementor-id=\"69895\" class=\"elementor elementor-69895\">\n\t\t\t\t<div class=\"elementor-element elementor-element-bdf45ba e-con-full wd-section-stretch-content e-flex e-con e-parent\" data-id=\"bdf45ba\" data-element_type=\"container\" data-e-type=\"container\">\n\t\t\t\t<div class=\"elementor-element elementor-element-dfdda2b elementor-widget elementor-widget-image\" data-id=\"dfdda2b\" data-element_type=\"widget\" data-e-type=\"widget\" data-widget_type=\"image.default\">\n\t\t\t\t<div class=\"elementor-widget-container\">\n\t\t\t\t\t\t\t\t\t\t\t\t\t\t\t<img loading=\"lazy\" decoding=\"async\" width=\"1904\" height=\"755\" src=\"https:\/\/www.irdin.org.br\/site\/wp-content\/uploads\/2017\/05\/trigueirinho-autores-1920.png\" class=\"attachment-full size-full wp-image-89099\" alt=\"\" srcset=\"https:\/\/www.irdin.org.br\/site\/wp-content\/uploads\/2017\/05\/trigueirinho-autores-1920.png 1904w, https:\/\/www.irdin.org.br\/site\/wp-content\/uploads\/2017\/05\/trigueirinho-autores-1920-430x171.png 430w, https:\/\/www.irdin.org.br\/site\/wp-content\/uploads\/2017\/05\/trigueirinho-autores-1920-150x59.png 150w, https:\/\/www.irdin.org.br\/site\/wp-content\/uploads\/2017\/05\/trigueirinho-autores-1920-700x278.png 700w, https:\/\/www.irdin.org.br\/site\/wp-content\/uploads\/2017\/05\/trigueirinho-autores-1920-300x119.png 300w, https:\/\/www.irdin.org.br\/site\/wp-content\/uploads\/2017\/05\/trigueirinho-autores-1920-1024x406.png 1024w, https:\/\/www.irdin.org.br\/site\/wp-content\/uploads\/2017\/05\/trigueirinho-autores-1920-768x305.png 768w, https:\/\/www.irdin.org.br\/site\/wp-content\/uploads\/2017\/05\/trigueirinho-autores-1920-1536x609.png 1536w, https:\/\/www.irdin.org.br\/site\/wp-content\/uploads\/2017\/05\/trigueirinho-autores-1920-640x254.png 640w, https:\/\/www.irdin.org.br\/site\/wp-content\/uploads\/2017\/05\/trigueirinho-autores-1920-400x159.png 400w, https:\/\/www.irdin.org.br\/site\/wp-content\/uploads\/2017\/05\/trigueirinho-autores-1920-367x146.png 367w, https:\/\/www.irdin.org.br\/site\/wp-content\/uploads\/2017\/05\/trigueirinho-autores-1920-247x98.png 247w, https:\/\/www.irdin.org.br\/site\/wp-content\/uploads\/2017\/05\/trigueirinho-autores-1920-510x202.png 510w\" sizes=\"auto, (max-width: 1904px) 100vw, 1904px\" \/>\t\t\t\t\t\t\t\t\t\t\t\t\t\t\t<\/div>\n\t\t\t\t<\/div>\n\t\t\t\t<\/div>\n\t\t<div class=\"elementor-element elementor-element-13e37d6a e-flex e-con-boxed e-con e-parent\" data-id=\"13e37d6a\" data-element_type=\"container\" data-e-type=\"container\">\n\t\t\t\t\t<div class=\"e-con-inner\">\n\t\t\t\t<div class=\"elementor-element elementor-element-289edc44 color-scheme-inherit text-left elementor-widget elementor-widget-text-editor\" data-id=\"289edc44\" data-element_type=\"widget\" data-e-type=\"widget\" data-widget_type=\"text-editor.default\">\n\t\t\t\t<div class=\"elementor-widget-container\">\n\t\t\t\t\t\t\t\t\t<h2 style=\"text-align: center; font-size: 32px;\"><strong>Trigueirinho<\/strong><\/h2><p style=\"text-align: justify;\">Jos\u00e9 Trigueirinho Netto (1931-2018) nasceu em S\u00e3o Paulo, Brasil. Residiu na Europa por v\u00e1rios anos, onde manteve contato com seres adiantados no caminho espiritual, entre os quais Paul Brunton.<\/p><p>Em sua pr\u00f3pria vida, deu testemunho dos ensinamentos que transmitiu nos livros e nas palestras sobre a transcend\u00eancia e a eleva\u00e7\u00e3o do ser humano, o contato com a alma e com n\u00facleos ainda mais profundos do ser, o servi\u00e7o impessoal e a coliga\u00e7\u00e3o com as Hierarquias Espirituais.<\/p><p>Um dos fundamentos da sua obra \u00e9 estimular a amplia\u00e7\u00e3o da consci\u00eancia humana e liber\u00e1-la dos v\u00ednculos que a mant\u00eam presa a aspectos materiais da exist\u00eancia, externos ou internos.<\/p><p>Foi fundador da Comunidade-Luz Figueira, um dos membros da Fraternidade \u2013 Federa\u00e7\u00e3o Humanit\u00e1ria Internacional, e cofundador da Ordem Gra\u00e7a Miseric\u00f3rdia. Tamb\u00e9m foi colaborador ativo, instrutor e protetor espiritual de outras tr\u00eas comunidades situadas no Uruguai, na Argentina e em Portugal.<\/p><p>Morou em seus \u00faltimos 30 anos em Figueira, no interior de Minas Gerais, comunidade que hoje conta com cerca de 300 moradores e \u00e9 visitada por milhares de colaboradores, integrantes de uma rede de servi\u00e7o humanit\u00e1rio e de estudos espiritualistas, que sempre foi acompanhada de perto por Trigueirinho.<\/p><p>Gra\u00e7as \u00e0 sua inestim\u00e1vel instru\u00e7\u00e3o e ao seu amor aos Reinos da Natureza, e como resultado de um trabalho exemplar que ele mesmo implantou na comunidade, o Reino Animal, o Vegetal e o Mineral recebem cuida- doso tratamento em Figueira.<\/p><p><strong>A obra de Trigueirinho<\/strong><\/p><p>Trigueirinho, fil\u00f3sofo-espiritualista, escreveu 84 livros publicados originalmente em portugu\u00eas e muitos deles traduzidos para o espanhol, ingl\u00eas, franc\u00eas e alem\u00e3o. Proferiu mais de 3.000 palestras gravadas ao vivo, dispo- n\u00edveis em CDs, algumas em DVDs e pen drives.<\/p><p>Na primeira fase de seu trabalho, Trigueirinho abordou essencialmente o autoconhecimento, a ora\u00e7\u00e3o, a instru\u00e7\u00e3o e a transforma\u00e7\u00e3o espiritual. Depois passou a transmitir informa\u00e7\u00f5es a respeito da Vida Universal e da assist\u00eancia que tem recebido a humanidade, desde sempre, por meio da Irmandade Branca Intraterrena, que habita os Retiros e Centros Planet\u00e1rios, e tamb\u00e9m por meio da Irmandade C\u00f3smica do Universo. Mencionou, ainda, a presen\u00e7a de Hierarquias Espirituais no planeta e o advento de uma nova humanidade.<\/p><p>Nos \u00faltimos oito anos analisou com clareza, e com a sabedoria que sempre o caracterizou, as mensagens que a Divindade est\u00e1 entregando para o planeta, como alerta para a humanidade.<br \/>Sua obra revela uma compreens\u00e3o real do que significam todos os Reinos da Natureza em nosso planeta, a verdadeira tarefa espiritual do ser humano, seu lugar no universo e tamb\u00e9m sua responsabilidade diante da Cria\u00e7\u00e3o.<\/p><p>Esclarece as raz\u00f5es da crise que hoje assola a humanidade e abre perspectivas para o in\u00edcio de um ciclo mais luminoso para nossa ra\u00e7a.<\/p><p>\u00a0<\/p>\t\t\t\t\t\t\t\t<\/div>\n\t\t\t\t<\/div>\n\t\t\t\t\t<\/div>\n\t\t\t\t<\/div>\n\t\t<div class=\"elementor-element elementor-element-c514127 e-flex e-con-boxed e-con e-parent\" data-id=\"c514127\" data-element_type=\"container\" data-e-type=\"container\">\n\t\t\t\t\t<div class=\"e-con-inner\">\n\t\t\t\t<div class=\"elementor-element elementor-element-2f7830a color-scheme-inherit text-left elementor-widget elementor-widget-text-editor\" data-id=\"2f7830a\" data-element_type=\"widget\" data-e-type=\"widget\" data-widget_type=\"text-editor.default\">\n\t\t\t\t<div class=\"elementor-widget-container\">\n\t\t\t\t\t\t\t\t\t<h2 style=\"text-align: center;\"><strong>Publica\u00e7\u00f5es do autor<\/strong><\/h2><h3 style=\"text-align: center;\"><strong>Por categoria<\/strong><\/h3><p>\u00a0<\/p>\t\t\t\t\t\t\t\t<\/div>\n\t\t\t\t<\/div>\n\t\t\t\t\t<\/div>\n\t\t\t\t<\/div>\n\t\t<div class=\"elementor-element elementor-element-73fb97a e-flex e-con-boxed e-con e-parent\" data-id=\"73fb97a\" data-element_type=\"container\" data-e-type=\"container\">\n\t\t\t\t\t<div class=\"e-con-inner\">\n\t\t<div class=\"elementor-element elementor-element-60e0eef e-con-full e-flex e-con e-child\" data-id=\"60e0eef\" data-element_type=\"container\" data-e-type=\"container\">\n\t\t\t\t<div class=\"elementor-element elementor-element-b0094d0 elementor-align-center elementor-widget elementor-widget-button\" data-id=\"b0094d0\" data-element_type=\"widget\" data-e-type=\"widget\" data-widget_type=\"button.default\">\n\t\t\t\t<div class=\"elementor-widget-container\">\n\t\t\t\t\t\t\t\t\t<div class=\"elementor-button-wrapper\">\n\t\t\t\t\t<a class=\"elementor-button elementor-button-link elementor-size-sm\" href=\"https:\/\/www.irdin.org.br\/site\/categoria-produto\/livro\/livros-livro\/?filter_autor=trigueirinho\">\n\t\t\t\t\t\t<span class=\"elementor-button-content-wrapper\">\n\t\t\t\t\t\t\t\t\t<span class=\"elementor-button-text\">LIVROS<\/span>\n\t\t\t\t\t<\/span>\n\t\t\t\t\t<\/a>\n\t\t\t\t<\/div>\n\t\t\t\t\t\t\t\t<\/div>\n\t\t\t\t<\/div>\n\t\t\t\t<\/div>\n\t\t<div class=\"elementor-element elementor-element-acb3d17 e-con-full e-flex e-con e-child\" data-id=\"acb3d17\" data-element_type=\"container\" data-e-type=\"container\">\n\t\t\t\t<div class=\"elementor-element elementor-element-9e768b5 elementor-align-center elementor-widget elementor-widget-button\" data-id=\"9e768b5\" data-element_type=\"widget\" data-e-type=\"widget\" data-widget_type=\"button.default\">\n\t\t\t\t<div class=\"elementor-widget-container\">\n\t\t\t\t\t\t\t\t\t<div class=\"elementor-button-wrapper\">\n\t\t\t\t\t<a class=\"elementor-button elementor-button-link elementor-size-sm\" href=\"https:\/\/www.irdin.org.br\/site\/categoria-produto\/livro\/minilivros\/?filter_autor=trigueirinho\">\n\t\t\t\t\t\t<span class=\"elementor-button-content-wrapper\">\n\t\t\t\t\t\t\t\t\t<span class=\"elementor-button-text\">MINI LIVROS<\/span>\n\t\t\t\t\t<\/span>\n\t\t\t\t\t<\/a>\n\t\t\t\t<\/div>\n\t\t\t\t\t\t\t\t<\/div>\n\t\t\t\t<\/div>\n\t\t\t\t<\/div>\n\t\t<div class=\"elementor-element elementor-element-9f253ca e-con-full e-flex e-con e-child\" data-id=\"9f253ca\" data-element_type=\"container\" data-e-type=\"container\">\n\t\t\t\t<div class=\"elementor-element elementor-element-25c6619 elementor-align-center elementor-widget elementor-widget-button\" data-id=\"25c6619\" data-element_type=\"widget\" data-e-type=\"widget\" data-widget_type=\"button.default\">\n\t\t\t\t<div class=\"elementor-widget-container\">\n\t\t\t\t\t\t\t\t\t<div class=\"elementor-button-wrapper\">\n\t\t\t\t\t<a class=\"elementor-button elementor-button-link elementor-size-sm\" href=\"https:\/\/www.irdin.org.br\/site\/categoria-produto\/cddvd\/colecoes\/?filter_autor=trigueirinho\">\n\t\t\t\t\t\t<span class=\"elementor-button-content-wrapper\">\n\t\t\t\t\t\t\t\t\t<span class=\"elementor-button-text\">COLE\u00c7\u00d5ES<\/span>\n\t\t\t\t\t<\/span>\n\t\t\t\t\t<\/a>\n\t\t\t\t<\/div>\n\t\t\t\t\t\t\t\t<\/div>\n\t\t\t\t<\/div>\n\t\t\t\t<\/div>\n\t\t<div class=\"elementor-element elementor-element-0a825a7 e-con-full e-flex e-con e-child\" data-id=\"0a825a7\" data-element_type=\"container\" data-e-type=\"container\">\n\t\t\t\t<div class=\"elementor-element elementor-element-c2c581b elementor-align-center elementor-widget elementor-widget-button\" data-id=\"c2c581b\" data-element_type=\"widget\" data-e-type=\"widget\" data-widget_type=\"button.default\">\n\t\t\t\t<div class=\"elementor-widget-container\">\n\t\t\t\t\t\t\t\t\t<div class=\"elementor-button-wrapper\">\n\t\t\t\t\t<a class=\"elementor-button elementor-button-link elementor-size-sm\" href=\"https:\/\/www.irdin.org.br\/site\/categoria-produto\/cddvd\/pendrive\/?filter_autor=trigueirinho\">\n\t\t\t\t\t\t<span class=\"elementor-button-content-wrapper\">\n\t\t\t\t\t\t\t\t\t<span class=\"elementor-button-text\">PENDRIVES<\/span>\n\t\t\t\t\t<\/span>\n\t\t\t\t\t<\/a>\n\t\t\t\t<\/div>\n\t\t\t\t\t\t\t\t<\/div>\n\t\t\t\t<\/div>\n\t\t\t\t<\/div>\n\t\t<div class=\"elementor-element elementor-element-97975c8 e-con-full e-flex e-con e-child\" data-id=\"97975c8\" data-element_type=\"container\" data-e-type=\"container\">\n\t\t\t\t<div class=\"elementor-element elementor-element-9476d66 elementor-align-center elementor-widget elementor-widget-button\" data-id=\"9476d66\" data-element_type=\"widget\" data-e-type=\"widget\" data-widget_type=\"button.default\">\n\t\t\t\t<div class=\"elementor-widget-container\">\n\t\t\t\t\t\t\t\t\t<div class=\"elementor-button-wrapper\">\n\t\t\t\t\t<a class=\"elementor-button elementor-button-link elementor-size-sm\" href=\"https:\/\/www.irdin.org.br\/site\/categoria-produto\/palestras\/?filter_autor=trigueirinho\">\n\t\t\t\t\t\t<span class=\"elementor-button-content-wrapper\">\n\t\t\t\t\t\t\t\t\t<span class=\"elementor-button-text\">OUVIR PALESTRAS<\/span>\n\t\t\t\t\t<\/span>\n\t\t\t\t\t<\/a>\n\t\t\t\t<\/div>\n\t\t\t\t\t\t\t\t<\/div>\n\t\t\t\t<\/div>\n\t\t\t\t<\/div>\n\t\t\t\t\t<\/div>\n\t\t\t\t<\/div>\n\t\t<div class=\"elementor-element elementor-element-0564443 e-flex e-con-boxed e-con e-parent\" data-id=\"0564443\" data-element_type=\"container\" data-e-type=\"container\">\n\t\t\t\t\t<div class=\"e-con-inner\">\n\t\t\t\t<div class=\"elementor-element elementor-element-ee967bb color-scheme-inherit text-left elementor-widget elementor-widget-text-editor\" data-id=\"ee967bb\" data-element_type=\"widget\" data-e-type=\"widget\" data-widget_type=\"text-editor.default\">\n\t\t\t\t<div class=\"elementor-widget-container\">\n\t\t\t\t\t\t\t\t\t<h3 style=\"text-align: center;\"><strong>\u00daltimas publica\u00e7\u00f5es<\/strong><\/h3><p><div class=\"woocommerce columns-4 \"><div class=\"wd-products-element\">\t\t\t<div class=\"wd-sticky-loader wd-content-loader\"><span class=\"wd-loader\"><\/span><\/div>\n\t\t\n<div class=\"products wd-products wd-grid-g grid-columns-3 elements-grid pagination-pagination\" data-source=\"main_loop\" data-min_price=\"\" data-max_price=\"\" data-columns=\"3\" style=\"--wd-col-lg:3;--wd-col-md:3;--wd-col-sm:2;--wd-gap-lg:20px;--wd-gap-sm:10px;\">\n<div class=\"wd-product wd-with-labels wd-hover-base wd-hover-with-fade wd-col product-grid-item product product-no-swatches type-product post-86202 status-publish outofstock product_cat-cddvd product_cat-palestras product_tag-38961 has-post-thumbnail product-type-simple\" data-loop=\"1\" data-id=\"86202\">\n\t\n\t\n<div class=\"product-wrapper\">\n\t<div class=\"content-product-imagin\"><\/div>\n\t<div class=\"product-element-top wd-quick-shop\">\n\t\t<a href=\"https:\/\/www.irdin.org.br\/site\/produtos\/2o-encontro-da-ordem-graca-misericordia\/\" class=\"product-image-link\" tabindex=\"-1\" aria-label=\"2\u00ba Encontro da Ordem Gra\u00e7a Miseric\u00f3rdia\">\n\t\t\t<div class=\"product-labels labels-rectangular\"><span class=\"out-of-stock product-label\">Vendido<\/span><\/div><img loading=\"lazy\" decoding=\"async\" width=\"247\" height=\"253\" src=\"https:\/\/www.irdin.org.br\/site\/wp-content\/uploads\/2022\/02\/fones-ouvido-irdin-247x253.png\" class=\"attachment-woocommerce_thumbnail size-woocommerce_thumbnail\" alt=\"\" srcset=\"https:\/\/www.irdin.org.br\/site\/wp-content\/uploads\/2022\/02\/fones-ouvido-irdin-247x253.png 247w, https:\/\/www.irdin.org.br\/site\/wp-content\/uploads\/2022\/02\/fones-ouvido-irdin-150x154.png 150w, https:\/\/www.irdin.org.br\/site\/wp-content\/uploads\/2022\/02\/fones-ouvido-irdin.png 350w\" sizes=\"auto, (max-width: 247px) 100vw, 247px\" \/>\t\t<\/a>\n\n\t\t\n\t\t<div class=\"wrapp-swatches\"><\/div>\n\t<\/div>\n\n\t<div class=\"product-element-bottom product-information\">\n\t\t<h3 class=\"wd-entities-title\"><a href=\"https:\/\/www.irdin.org.br\/site\/produtos\/2o-encontro-da-ordem-graca-misericordia\/\">2\u00ba Encontro da Ordem Gra\u00e7a Miseric\u00f3rdia<\/a><\/h3>\t\t\t\t<div class=\"wd-product-cats\">\n\t\t\t<a href=\"https:\/\/www.irdin.org.br\/site\/categoria-produto\/cddvd\/\" rel=\"tag\">CD\/DVD<\/a>, <a href=\"https:\/\/www.irdin.org.br\/site\/categoria-produto\/palestras\/\" rel=\"tag\">Palestras<\/a>\t\t<\/div>\n\t\t\t\t<div class=\"product-rating-price\">\n\t\t\t<div class=\"wrapp-product-price\">\n\t\t\t\t\n\t\t\t\t\t\t\t<\/div>\n\t\t<\/div>\n\t\t\t\t<div class=\"fade-in-block wd-scroll\">\n\t\t\t<div class=\"hover-content wd-more-desc\">\n\t\t\t\t<div class=\"hover-content-inner wd-more-desc-inner\">\n\t\t\t\t\tRealizado de 5 a7 de Julho de 2011, com a participa\u00e7\u00e3o de Trigueirinho e Shimani. Faixas: Baixar 1 &#8211; s\u00ednteses\t\t\t\t<\/div>\n\t\t\t\t<a href=\"#\" rel=\"nofollow\" class=\"wd-more-desc-btn\" aria-label=\"Leia mais descri\u00e7\u00e3o\"><\/a>\n\t\t\t<\/div>\n\t\t\t<div class=\" wd-bottom-actions\">\n\t\t\t\t<div class=\"wrap-wishlist-button\"><\/div>\n\t\t\t\t<div class=\"wd-add-btn wd-add-btn-replace\">\n\t\t\t\t\t<a href=\"https:\/\/www.irdin.org.br\/site\/produtos\/2o-encontro-da-ordem-graca-misericordia\/\" aria-describedby=\"woocommerce_loop_add_to_cart_link_describedby_86202\" data-quantity=\"1\" class=\"button product_type_simple add-to-cart-loop\" data-product_id=\"86202\" data-product_sku=\"2o-encontro-da-ordem-graca-misericordia\" aria-label=\"Leia mais sobre &ldquo;2\u00ba Encontro da Ordem Gra\u00e7a Miseric\u00f3rdia&rdquo;\" rel=\"nofollow\" data-success_message=\"\"><span>Leia mais<\/span><\/a>\t<span id=\"woocommerce_loop_add_to_cart_link_describedby_86202\" class=\"screen-reader-text\">\n\t\t\t<\/span>\n\t\t\t\t\t\t\t\t\t\t\t\t\t\t\t\t\t\t\t\t<\/div>\n\t\t\t\t<div class=\"wrap-quickview-button\">\t\t<div class=\"quick-view wd-action-btn wd-style-icon wd-quick-view-icon\">\n\t\t\t<a\n\t\t\t\thref=\"https:\/\/www.irdin.org.br\/site\/produtos\/2o-encontro-da-ordem-graca-misericordia\/\"\n\t\t\t\tclass=\"open-quick-view quick-view-button\"\n\t\t\t\trel=\"nofollow\"\n\t\t\t\tdata-id=\"86202\"\n\t\t\t\t>Olhada r\u00e1pida<\/a>\n\t\t<\/div>\n\t\t<\/div>\n\t\t\t<\/div>\n\n\t\t\t\t\t\t\n\t\t\t\t\t<\/div>\n\t<\/div>\n<\/div>\n<\/div>\n<div class=\"wd-product wd-with-labels wd-hover-base wd-hover-with-fade wd-col product-grid-item product product-no-swatches type-product post-82790 status-publish outofstock product_cat-cddvd product_cat-palestras product_tag-38965 has-post-thumbnail product-type-simple\" data-loop=\"2\" data-id=\"82790\">\n\t\n\t\n<div class=\"product-wrapper\">\n\t<div class=\"content-product-imagin\"><\/div>\n\t<div class=\"product-element-top wd-quick-shop\">\n\t\t<a href=\"https:\/\/www.irdin.org.br\/site\/produtos\/46o-encontro-geral-de-figueira\/\" class=\"product-image-link\" tabindex=\"-1\" aria-label=\"46\u00ba Encontro Geral de Figueira\">\n\t\t\t<div class=\"product-labels labels-rectangular\"><span class=\"out-of-stock product-label\">Vendido<\/span><\/div><img loading=\"lazy\" decoding=\"async\" width=\"350\" height=\"359\" src=\"https:\/\/www.irdin.org.br\/site\/wp-content\/uploads\/2022\/02\/fones-ouvido-irdin.png\" class=\"attachment-woocommerce_thumbnail size-woocommerce_thumbnail\" alt=\"\" srcset=\"https:\/\/www.irdin.org.br\/site\/wp-content\/uploads\/2022\/02\/fones-ouvido-irdin.png 350w, https:\/\/www.irdin.org.br\/site\/wp-content\/uploads\/2022\/02\/fones-ouvido-irdin-150x154.png 150w, https:\/\/www.irdin.org.br\/site\/wp-content\/uploads\/2022\/02\/fones-ouvido-irdin-247x253.png 247w\" sizes=\"auto, (max-width: 350px) 100vw, 350px\" \/>\t\t<\/a>\n\n\t\t\n\t\t<div class=\"wrapp-swatches\"><\/div>\n\t<\/div>\n\n\t<div class=\"product-element-bottom product-information\">\n\t\t<h3 class=\"wd-entities-title\"><a href=\"https:\/\/www.irdin.org.br\/site\/produtos\/46o-encontro-geral-de-figueira\/\">46\u00ba Encontro Geral de Figueira<\/a><\/h3>\t\t\t\t<div class=\"wd-product-cats\">\n\t\t\t<a href=\"https:\/\/www.irdin.org.br\/site\/categoria-produto\/cddvd\/\" rel=\"tag\">CD\/DVD<\/a>, <a href=\"https:\/\/www.irdin.org.br\/site\/categoria-produto\/palestras\/\" rel=\"tag\">Palestras<\/a>\t\t<\/div>\n\t\t\t\t<div class=\"product-rating-price\">\n\t\t\t<div class=\"wrapp-product-price\">\n\t\t\t\t\n\t\t\t\t\t\t\t<\/div>\n\t\t<\/div>\n\t\t\t\t<div class=\"fade-in-block wd-scroll\">\n\t\t\t<div class=\"hover-content wd-more-desc\">\n\t\t\t\t<div class=\"hover-content-inner wd-more-desc-inner\">\n\t\t\t\t\t46\u00ba Encontro Geral de Figueira. Realizado de 10 a 13 de mar\u00e7o de 2011, com a participa\u00e7\u00e3o de Trigueirinho, Artur,\t\t\t\t<\/div>\n\t\t\t\t<a href=\"#\" rel=\"nofollow\" class=\"wd-more-desc-btn\" aria-label=\"Leia mais descri\u00e7\u00e3o\"><\/a>\n\t\t\t<\/div>\n\t\t\t<div class=\" wd-bottom-actions\">\n\t\t\t\t<div class=\"wrap-wishlist-button\"><\/div>\n\t\t\t\t<div class=\"wd-add-btn wd-add-btn-replace\">\n\t\t\t\t\t<a href=\"https:\/\/www.irdin.org.br\/site\/produtos\/46o-encontro-geral-de-figueira\/\" aria-describedby=\"woocommerce_loop_add_to_cart_link_describedby_82790\" data-quantity=\"1\" class=\"button product_type_simple add-to-cart-loop\" data-product_id=\"82790\" data-product_sku=\"46o-encontro-geral-de-figueira\" aria-label=\"Leia mais sobre &ldquo;46\u00ba Encontro Geral de Figueira&rdquo;\" rel=\"nofollow\" data-success_message=\"\"><span>Leia mais<\/span><\/a>\t<span id=\"woocommerce_loop_add_to_cart_link_describedby_82790\" class=\"screen-reader-text\">\n\t\t\t<\/span>\n\t\t\t\t\t\t\t\t\t\t\t\t\t\t\t\t\t\t\t\t<\/div>\n\t\t\t\t<div class=\"wrap-quickview-button\">\t\t<div class=\"quick-view wd-action-btn wd-style-icon wd-quick-view-icon\">\n\t\t\t<a\n\t\t\t\thref=\"https:\/\/www.irdin.org.br\/site\/produtos\/46o-encontro-geral-de-figueira\/\"\n\t\t\t\tclass=\"open-quick-view quick-view-button\"\n\t\t\t\trel=\"nofollow\"\n\t\t\t\tdata-id=\"82790\"\n\t\t\t\t>Olhada r\u00e1pida<\/a>\n\t\t<\/div>\n\t\t<\/div>\n\t\t\t<\/div>\n\n\t\t\t\t\t\t\n\t\t\t\t\t<\/div>\n\t<\/div>\n<\/div>\n<\/div>\n<div class=\"wd-product wd-with-labels wd-hover-base wd-hover-with-fade wd-col product-grid-item product product-no-swatches type-product post-82792 status-publish last outofstock product_cat-cddvd product_cat-palestras product_tag-38969 has-post-thumbnail product-type-simple\" data-loop=\"3\" data-id=\"82792\">\n\t\n\t\n<div class=\"product-wrapper\">\n\t<div class=\"content-product-imagin\"><\/div>\n\t<div class=\"product-element-top wd-quick-shop\">\n\t\t<a href=\"https:\/\/www.irdin.org.br\/site\/produtos\/4o-encuentro-de-oracion-en-el-centro-aurora\/\" class=\"product-image-link\" tabindex=\"-1\" aria-label=\"4\u00ba Encuentro de Oraci\u00f3n en el Centro Aurora\">\n\t\t\t<div class=\"product-labels labels-rectangular\"><span class=\"out-of-stock product-label\">Vendido<\/span><\/div><img loading=\"lazy\" decoding=\"async\" width=\"247\" height=\"253\" src=\"https:\/\/www.irdin.org.br\/site\/wp-content\/uploads\/2022\/02\/fones-ouvido-irdin-247x253.png\" class=\"attachment-woocommerce_thumbnail size-woocommerce_thumbnail\" alt=\"\" srcset=\"https:\/\/www.irdin.org.br\/site\/wp-content\/uploads\/2022\/02\/fones-ouvido-irdin-247x253.png 247w, https:\/\/www.irdin.org.br\/site\/wp-content\/uploads\/2022\/02\/fones-ouvido-irdin-150x154.png 150w, https:\/\/www.irdin.org.br\/site\/wp-content\/uploads\/2022\/02\/fones-ouvido-irdin.png 350w\" sizes=\"auto, (max-width: 247px) 100vw, 247px\" \/>\t\t<\/a>\n\n\t\t\n\t\t<div class=\"wrapp-swatches\"><\/div>\n\t<\/div>\n\n\t<div class=\"product-element-bottom product-information\">\n\t\t<h3 class=\"wd-entities-title\"><a href=\"https:\/\/www.irdin.org.br\/site\/produtos\/4o-encuentro-de-oracion-en-el-centro-aurora\/\">4\u00ba Encuentro de Oraci\u00f3n en el Centro Aurora<\/a><\/h3>\t\t\t\t<div class=\"wd-product-cats\">\n\t\t\t<a href=\"https:\/\/www.irdin.org.br\/site\/categoria-produto\/cddvd\/\" rel=\"tag\">CD\/DVD<\/a>, <a href=\"https:\/\/www.irdin.org.br\/site\/categoria-produto\/palestras\/\" rel=\"tag\">Palestras<\/a>\t\t<\/div>\n\t\t\t\t<div class=\"product-rating-price\">\n\t\t\t<div class=\"wrapp-product-price\">\n\t\t\t\t\n\t\t\t\t\t\t\t<\/div>\n\t\t<\/div>\n\t\t\t\t<div class=\"fade-in-block wd-scroll\">\n\t\t\t<div class=\"hover-content wd-more-desc\">\n\t\t\t\t<div class=\"hover-content-inner wd-more-desc-inner\">\n\t\t\t\t\t4\u00ba Encuentro de Oraci\u00f3n en el Centro Aurora. Realizado del 5 al 7 de Agosto de 2011, con la participaci\u00f3n\t\t\t\t<\/div>\n\t\t\t\t<a href=\"#\" rel=\"nofollow\" class=\"wd-more-desc-btn\" aria-label=\"Leia mais descri\u00e7\u00e3o\"><\/a>\n\t\t\t<\/div>\n\t\t\t<div class=\" wd-bottom-actions\">\n\t\t\t\t<div class=\"wrap-wishlist-button\"><\/div>\n\t\t\t\t<div class=\"wd-add-btn wd-add-btn-replace\">\n\t\t\t\t\t<a href=\"https:\/\/www.irdin.org.br\/site\/produtos\/4o-encuentro-de-oracion-en-el-centro-aurora\/\" aria-describedby=\"woocommerce_loop_add_to_cart_link_describedby_82792\" data-quantity=\"1\" class=\"button product_type_simple add-to-cart-loop\" data-product_id=\"82792\" data-product_sku=\"4o-encuentro-de-oracion-en-el-centro-aurora\" aria-label=\"Leia mais sobre &ldquo;4\u00ba Encuentro de Oraci\u00f3n en el Centro Aurora&rdquo;\" rel=\"nofollow\" data-success_message=\"\"><span>Leia mais<\/span><\/a>\t<span id=\"woocommerce_loop_add_to_cart_link_describedby_82792\" class=\"screen-reader-text\">\n\t\t\t<\/span>\n\t\t\t\t\t\t\t\t\t\t\t\t\t\t\t\t\t\t\t\t<\/div>\n\t\t\t\t<div class=\"wrap-quickview-button\">\t\t<div class=\"quick-view wd-action-btn wd-style-icon wd-quick-view-icon\">\n\t\t\t<a\n\t\t\t\thref=\"https:\/\/www.irdin.org.br\/site\/produtos\/4o-encuentro-de-oracion-en-el-centro-aurora\/\"\n\t\t\t\tclass=\"open-quick-view quick-view-button\"\n\t\t\t\trel=\"nofollow\"\n\t\t\t\tdata-id=\"82792\"\n\t\t\t\t>Olhada r\u00e1pida<\/a>\n\t\t<\/div>\n\t\t<\/div>\n\t\t\t<\/div>\n\n\t\t\t\t\t\t\n\t\t\t\t\t<\/div>\n\t<\/div>\n<\/div>\n<\/div>\n<div class=\"wd-product wd-with-labels wd-hover-base wd-hover-with-fade wd-col product-grid-item product product-no-swatches type-product post-82793 status-publish first outofstock product_cat-cddvd product_cat-palestras product_tag-38971 has-post-thumbnail product-type-simple\" data-loop=\"4\" data-id=\"82793\">\n\t\n\t\n<div class=\"product-wrapper\">\n\t<div class=\"content-product-imagin\"><\/div>\n\t<div class=\"product-element-top wd-quick-shop\">\n\t\t<a href=\"https:\/\/www.irdin.org.br\/site\/produtos\/5o-encontro-de-oracao-no-centro-aurora\/\" class=\"product-image-link\" tabindex=\"-1\" aria-label=\"5\u00ba Encontro de Ora\u00e7\u00e3o no Centro Aurora\">\n\t\t\t<div class=\"product-labels labels-rectangular\"><span class=\"out-of-stock product-label\">Vendido<\/span><\/div><img loading=\"lazy\" decoding=\"async\" width=\"247\" height=\"253\" src=\"https:\/\/www.irdin.org.br\/site\/wp-content\/uploads\/2022\/02\/fones-ouvido-irdin-247x253.png\" class=\"attachment-woocommerce_thumbnail size-woocommerce_thumbnail\" alt=\"\" srcset=\"https:\/\/www.irdin.org.br\/site\/wp-content\/uploads\/2022\/02\/fones-ouvido-irdin-247x253.png 247w, https:\/\/www.irdin.org.br\/site\/wp-content\/uploads\/2022\/02\/fones-ouvido-irdin-150x154.png 150w, https:\/\/www.irdin.org.br\/site\/wp-content\/uploads\/2022\/02\/fones-ouvido-irdin.png 350w\" sizes=\"auto, (max-width: 247px) 100vw, 247px\" \/>\t\t<\/a>\n\n\t\t\n\t\t<div class=\"wrapp-swatches\"><\/div>\n\t<\/div>\n\n\t<div class=\"product-element-bottom product-information\">\n\t\t<h3 class=\"wd-entities-title\"><a href=\"https:\/\/www.irdin.org.br\/site\/produtos\/5o-encontro-de-oracao-no-centro-aurora\/\">5\u00ba Encontro de Ora\u00e7\u00e3o no Centro Aurora<\/a><\/h3>\t\t\t\t<div class=\"wd-product-cats\">\n\t\t\t<a href=\"https:\/\/www.irdin.org.br\/site\/categoria-produto\/cddvd\/\" rel=\"tag\">CD\/DVD<\/a>, <a href=\"https:\/\/www.irdin.org.br\/site\/categoria-produto\/palestras\/\" rel=\"tag\">Palestras<\/a>\t\t<\/div>\n\t\t\t\t<div class=\"product-rating-price\">\n\t\t\t<div class=\"wrapp-product-price\">\n\t\t\t\t\n\t\t\t\t\t\t\t<\/div>\n\t\t<\/div>\n\t\t\t\t<div class=\"fade-in-block wd-scroll\">\n\t\t\t<div class=\"hover-content wd-more-desc\">\n\t\t\t\t<div class=\"hover-content-inner wd-more-desc-inner\">\n\t\t\t\t\tImpulsos sobre a pr\u00e1tica da ora\u00e7\u00e3o, dados durante a Celebra\u00e7\u00e3o dos cinco anos de Apari\u00e7\u00f5es da M\u00e3e Divina, em agosto\t\t\t\t<\/div>\n\t\t\t\t<a href=\"#\" rel=\"nofollow\" class=\"wd-more-desc-btn\" aria-label=\"Leia mais descri\u00e7\u00e3o\"><\/a>\n\t\t\t<\/div>\n\t\t\t<div class=\" wd-bottom-actions\">\n\t\t\t\t<div class=\"wrap-wishlist-button\"><\/div>\n\t\t\t\t<div class=\"wd-add-btn wd-add-btn-replace\">\n\t\t\t\t\t<a href=\"https:\/\/www.irdin.org.br\/site\/produtos\/5o-encontro-de-oracao-no-centro-aurora\/\" aria-describedby=\"woocommerce_loop_add_to_cart_link_describedby_82793\" data-quantity=\"1\" class=\"button product_type_simple add-to-cart-loop\" data-product_id=\"82793\" data-product_sku=\"5o-encontro-de-oracao-no-centro-aurora\" aria-label=\"Leia mais sobre &ldquo;5\u00ba Encontro de Ora\u00e7\u00e3o no Centro Aurora&rdquo;\" rel=\"nofollow\" data-success_message=\"\"><span>Leia mais<\/span><\/a>\t<span id=\"woocommerce_loop_add_to_cart_link_describedby_82793\" class=\"screen-reader-text\">\n\t\t\t<\/span>\n\t\t\t\t\t\t\t\t\t\t\t\t\t\t\t\t\t\t\t\t<\/div>\n\t\t\t\t<div class=\"wrap-quickview-button\">\t\t<div class=\"quick-view wd-action-btn wd-style-icon wd-quick-view-icon\">\n\t\t\t<a\n\t\t\t\thref=\"https:\/\/www.irdin.org.br\/site\/produtos\/5o-encontro-de-oracao-no-centro-aurora\/\"\n\t\t\t\tclass=\"open-quick-view quick-view-button\"\n\t\t\t\trel=\"nofollow\"\n\t\t\t\tdata-id=\"82793\"\n\t\t\t\t>Olhada r\u00e1pida<\/a>\n\t\t<\/div>\n\t\t<\/div>\n\t\t\t<\/div>\n\n\t\t\t\t\t\t\n\t\t\t\t\t<\/div>\n\t<\/div>\n<\/div>\n<\/div>\n<div class=\"wd-product wd-with-labels wd-hover-base wd-hover-with-fade wd-col product-grid-item product product-no-swatches type-product post-83004 status-publish outofstock product_cat-cddvd product_cat-palestras product_tag-39345 has-post-thumbnail product-type-simple\" data-loop=\"5\" data-id=\"83004\">\n\t\n\t\n<div class=\"product-wrapper\">\n\t<div class=\"content-product-imagin\"><\/div>\n\t<div class=\"product-element-top wd-quick-shop\">\n\t\t<a href=\"https:\/\/www.irdin.org.br\/site\/produtos\/a-administracao-de-recursos-em-centros-espirituais\/\" class=\"product-image-link\" tabindex=\"-1\" aria-label=\"A administra\u00e7\u00e3o de recursos em centros espirituais\">\n\t\t\t<div class=\"product-labels labels-rectangular\"><span class=\"out-of-stock product-label\">Vendido<\/span><\/div><img loading=\"lazy\" decoding=\"async\" width=\"350\" height=\"359\" src=\"https:\/\/www.irdin.org.br\/site\/wp-content\/uploads\/2022\/02\/fones-ouvido-irdin.png\" class=\"attachment-woocommerce_thumbnail size-woocommerce_thumbnail\" alt=\"\" srcset=\"https:\/\/www.irdin.org.br\/site\/wp-content\/uploads\/2022\/02\/fones-ouvido-irdin.png 350w, https:\/\/www.irdin.org.br\/site\/wp-content\/uploads\/2022\/02\/fones-ouvido-irdin-150x154.png 150w, https:\/\/www.irdin.org.br\/site\/wp-content\/uploads\/2022\/02\/fones-ouvido-irdin-247x253.png 247w\" sizes=\"auto, (max-width: 350px) 100vw, 350px\" \/>\t\t<\/a>\n\n\t\t\n\t\t<div class=\"wrapp-swatches\"><\/div>\n\t<\/div>\n\n\t<div class=\"product-element-bottom product-information\">\n\t\t<h3 class=\"wd-entities-title\"><a href=\"https:\/\/www.irdin.org.br\/site\/produtos\/a-administracao-de-recursos-em-centros-espirituais\/\">A administra\u00e7\u00e3o de recursos em centros espirituais<\/a><\/h3>\t\t\t\t<div class=\"wd-product-cats\">\n\t\t\t<a href=\"https:\/\/www.irdin.org.br\/site\/categoria-produto\/cddvd\/\" rel=\"tag\">CD\/DVD<\/a>, <a href=\"https:\/\/www.irdin.org.br\/site\/categoria-produto\/palestras\/\" rel=\"tag\">Palestras<\/a>\t\t<\/div>\n\t\t\t\t<div class=\"product-rating-price\">\n\t\t\t<div class=\"wrapp-product-price\">\n\t\t\t\t\n\t\t\t\t\t\t\t<\/div>\n\t\t<\/div>\n\t\t\t\t<div class=\"fade-in-block wd-scroll\">\n\t\t\t<div class=\"hover-content wd-more-desc\">\n\t\t\t\t<div class=\"hover-content-inner wd-more-desc-inner\">\n\t\t\t\t\tEm trabalhos espirituais, os administradores lidam conscientemente com energia e n\u00e3o s\u00f3 com coisas materiais, economia e produtividade. Por isso,\t\t\t\t<\/div>\n\t\t\t\t<a href=\"#\" rel=\"nofollow\" class=\"wd-more-desc-btn\" aria-label=\"Leia mais descri\u00e7\u00e3o\"><\/a>\n\t\t\t<\/div>\n\t\t\t<div class=\" wd-bottom-actions\">\n\t\t\t\t<div class=\"wrap-wishlist-button\"><\/div>\n\t\t\t\t<div class=\"wd-add-btn wd-add-btn-replace\">\n\t\t\t\t\t<a href=\"https:\/\/www.irdin.org.br\/site\/produtos\/a-administracao-de-recursos-em-centros-espirituais\/\" aria-describedby=\"woocommerce_loop_add_to_cart_link_describedby_83004\" data-quantity=\"1\" class=\"button product_type_simple add-to-cart-loop\" data-product_id=\"83004\" data-product_sku=\"a-administracao-de-recursos-em-centros-espirituais\" aria-label=\"Leia mais sobre &ldquo;A administra\u00e7\u00e3o de recursos em centros espirituais&rdquo;\" rel=\"nofollow\" data-success_message=\"\"><span>Leia mais<\/span><\/a>\t<span id=\"woocommerce_loop_add_to_cart_link_describedby_83004\" class=\"screen-reader-text\">\n\t\t\t<\/span>\n\t\t\t\t\t\t\t\t\t\t\t\t\t\t\t\t\t\t\t\t<\/div>\n\t\t\t\t<div class=\"wrap-quickview-button\">\t\t<div class=\"quick-view wd-action-btn wd-style-icon wd-quick-view-icon\">\n\t\t\t<a\n\t\t\t\thref=\"https:\/\/www.irdin.org.br\/site\/produtos\/a-administracao-de-recursos-em-centros-espirituais\/\"\n\t\t\t\tclass=\"open-quick-view quick-view-button\"\n\t\t\t\trel=\"nofollow\"\n\t\t\t\tdata-id=\"83004\"\n\t\t\t\t>Olhada r\u00e1pida<\/a>\n\t\t<\/div>\n\t\t<\/div>\n\t\t\t<\/div>\n\n\t\t\t\t\t\t\n\t\t\t\t\t<\/div>\n\t<\/div>\n<\/div>\n<\/div>\n<div class=\"wd-product wd-with-labels wd-hover-base wd-hover-with-fade wd-col product-grid-item product product-no-swatches type-product post-84319 status-publish outofstock product_cat-cddvd product_cat-palestras product_tag-41939 has-post-thumbnail product-type-simple\" data-loop=\"6\" data-id=\"84319\">\n\t\n\t\n<div class=\"product-wrapper\">\n\t<div class=\"content-product-imagin\"><\/div>\n\t<div class=\"product-element-top wd-quick-shop\">\n\t\t<a href=\"https:\/\/www.irdin.org.br\/site\/produtos\/a-alegria-na-renovacao\/\" class=\"product-image-link\" tabindex=\"-1\" aria-label=\"A alegria na renova\u00e7\u00e3o\">\n\t\t\t<div class=\"product-labels labels-rectangular\"><span class=\"out-of-stock product-label\">Vendido<\/span><\/div><img loading=\"lazy\" decoding=\"async\" width=\"350\" height=\"359\" src=\"https:\/\/www.irdin.org.br\/site\/wp-content\/uploads\/2022\/02\/fones-ouvido-irdin.png\" class=\"attachment-woocommerce_thumbnail size-woocommerce_thumbnail\" alt=\"\" srcset=\"https:\/\/www.irdin.org.br\/site\/wp-content\/uploads\/2022\/02\/fones-ouvido-irdin.png 350w, https:\/\/www.irdin.org.br\/site\/wp-content\/uploads\/2022\/02\/fones-ouvido-irdin-150x154.png 150w, https:\/\/www.irdin.org.br\/site\/wp-content\/uploads\/2022\/02\/fones-ouvido-irdin-247x253.png 247w\" sizes=\"auto, (max-width: 350px) 100vw, 350px\" \/>\t\t<\/a>\n\n\t\t\n\t\t<div class=\"wrapp-swatches\"><\/div>\n\t<\/div>\n\n\t<div class=\"product-element-bottom product-information\">\n\t\t<h3 class=\"wd-entities-title\"><a href=\"https:\/\/www.irdin.org.br\/site\/produtos\/a-alegria-na-renovacao\/\">A alegria na renova\u00e7\u00e3o<\/a><\/h3>\t\t\t\t<div class=\"wd-product-cats\">\n\t\t\t<a href=\"https:\/\/www.irdin.org.br\/site\/categoria-produto\/cddvd\/\" rel=\"tag\">CD\/DVD<\/a>, <a href=\"https:\/\/www.irdin.org.br\/site\/categoria-produto\/palestras\/\" rel=\"tag\">Palestras<\/a>\t\t<\/div>\n\t\t\t\t<div class=\"product-rating-price\">\n\t\t\t<div class=\"wrapp-product-price\">\n\t\t\t\t\n\t\t\t\t\t\t\t<\/div>\n\t\t<\/div>\n\t\t\t\t<div class=\"fade-in-block wd-scroll\">\n\t\t\t<div class=\"hover-content wd-more-desc\">\n\t\t\t\t<div class=\"hover-content-inner wd-more-desc-inner\">\n\t\t\t\t\tDespojar-se do velho para conhecer o Novo \/ Ora\u00e7\u00e3o como portadora da miseric\u00f3rdia \/ Dificuldades que temos para nos renovar\t\t\t\t<\/div>\n\t\t\t\t<a href=\"#\" rel=\"nofollow\" class=\"wd-more-desc-btn\" aria-label=\"Leia mais descri\u00e7\u00e3o\"><\/a>\n\t\t\t<\/div>\n\t\t\t<div class=\" wd-bottom-actions\">\n\t\t\t\t<div class=\"wrap-wishlist-button\"><\/div>\n\t\t\t\t<div class=\"wd-add-btn wd-add-btn-replace\">\n\t\t\t\t\t<a href=\"https:\/\/www.irdin.org.br\/site\/produtos\/a-alegria-na-renovacao\/\" aria-describedby=\"woocommerce_loop_add_to_cart_link_describedby_84319\" data-quantity=\"1\" class=\"button product_type_simple add-to-cart-loop\" data-product_id=\"84319\" data-product_sku=\"a-alegria-na-renovacao\" aria-label=\"Leia mais sobre &ldquo;A alegria na renova\u00e7\u00e3o&rdquo;\" rel=\"nofollow\" data-success_message=\"\"><span>Leia mais<\/span><\/a>\t<span id=\"woocommerce_loop_add_to_cart_link_describedby_84319\" class=\"screen-reader-text\">\n\t\t\t<\/span>\n\t\t\t\t\t\t\t\t\t\t\t\t\t\t\t\t\t\t\t\t<\/div>\n\t\t\t\t<div class=\"wrap-quickview-button\">\t\t<div class=\"quick-view wd-action-btn wd-style-icon wd-quick-view-icon\">\n\t\t\t<a\n\t\t\t\thref=\"https:\/\/www.irdin.org.br\/site\/produtos\/a-alegria-na-renovacao\/\"\n\t\t\t\tclass=\"open-quick-view quick-view-button\"\n\t\t\t\trel=\"nofollow\"\n\t\t\t\tdata-id=\"84319\"\n\t\t\t\t>Olhada r\u00e1pida<\/a>\n\t\t<\/div>\n\t\t<\/div>\n\t\t\t<\/div>\n\n\t\t\t\t\t\t\n\t\t\t\t\t<\/div>\n\t<\/div>\n<\/div>\n<\/div>\n<div class=\"wd-product wd-with-labels wd-hover-base wd-hover-with-fade wd-col product-grid-item product product-no-swatches type-product post-84611 status-publish last outofstock product_cat-cddvd product_cat-palestras product_tag-42523 has-post-thumbnail product-type-simple\" data-loop=\"7\" data-id=\"84611\">\n\t\n\t\n<div class=\"product-wrapper\">\n\t<div class=\"content-product-imagin\"><\/div>\n\t<div class=\"product-element-top wd-quick-shop\">\n\t\t<a href=\"https:\/\/www.irdin.org.br\/site\/produtos\/a-alma-do-mundo-e-outros-temas\/\" class=\"product-image-link\" tabindex=\"-1\" aria-label=\"A alma do mundo e outros temas\">\n\t\t\t<div class=\"product-labels labels-rectangular\"><span class=\"out-of-stock product-label\">Vendido<\/span><\/div><img loading=\"lazy\" decoding=\"async\" width=\"350\" height=\"359\" src=\"https:\/\/www.irdin.org.br\/site\/wp-content\/uploads\/2022\/02\/fones-ouvido-irdin.png\" class=\"attachment-woocommerce_thumbnail size-woocommerce_thumbnail\" alt=\"\" srcset=\"https:\/\/www.irdin.org.br\/site\/wp-content\/uploads\/2022\/02\/fones-ouvido-irdin.png 350w, https:\/\/www.irdin.org.br\/site\/wp-content\/uploads\/2022\/02\/fones-ouvido-irdin-150x154.png 150w, https:\/\/www.irdin.org.br\/site\/wp-content\/uploads\/2022\/02\/fones-ouvido-irdin-247x253.png 247w\" sizes=\"auto, (max-width: 350px) 100vw, 350px\" \/>\t\t<\/a>\n\n\t\t\n\t\t<div class=\"wrapp-swatches\"><\/div>\n\t<\/div>\n\n\t<div class=\"product-element-bottom product-information\">\n\t\t<h3 class=\"wd-entities-title\"><a href=\"https:\/\/www.irdin.org.br\/site\/produtos\/a-alma-do-mundo-e-outros-temas\/\">A alma do mundo e outros temas<\/a><\/h3>\t\t\t\t<div class=\"wd-product-cats\">\n\t\t\t<a href=\"https:\/\/www.irdin.org.br\/site\/categoria-produto\/cddvd\/\" rel=\"tag\">CD\/DVD<\/a>, <a href=\"https:\/\/www.irdin.org.br\/site\/categoria-produto\/palestras\/\" rel=\"tag\">Palestras<\/a>\t\t<\/div>\n\t\t\t\t<div class=\"product-rating-price\">\n\t\t\t<div class=\"wrapp-product-price\">\n\t\t\t\t\n\t\t\t\t\t\t\t<\/div>\n\t\t<\/div>\n\t\t\t\t<div class=\"fade-in-block wd-scroll\">\n\t\t\t<div class=\"hover-content wd-more-desc\">\n\t\t\t\t<div class=\"hover-content-inner wd-more-desc-inner\">\n\t\t\t\t\tNossa alma \u00e9 feita com a subst\u00e2ncia da alma do mundo. Mas podemos ir al\u00e9m dessa constitui\u00e7\u00e3o e desenvolver, na\t\t\t\t<\/div>\n\t\t\t\t<a href=\"#\" rel=\"nofollow\" class=\"wd-more-desc-btn\" aria-label=\"Leia mais descri\u00e7\u00e3o\"><\/a>\n\t\t\t<\/div>\n\t\t\t<div class=\" wd-bottom-actions\">\n\t\t\t\t<div class=\"wrap-wishlist-button\"><\/div>\n\t\t\t\t<div class=\"wd-add-btn wd-add-btn-replace\">\n\t\t\t\t\t<a href=\"https:\/\/www.irdin.org.br\/site\/produtos\/a-alma-do-mundo-e-outros-temas\/\" aria-describedby=\"woocommerce_loop_add_to_cart_link_describedby_84611\" data-quantity=\"1\" class=\"button product_type_simple add-to-cart-loop\" data-product_id=\"84611\" data-product_sku=\"a-alma-do-mundo-e-outros-temas\" aria-label=\"Leia mais sobre &ldquo;A alma do mundo e outros temas&rdquo;\" rel=\"nofollow\" data-success_message=\"\"><span>Leia mais<\/span><\/a>\t<span id=\"woocommerce_loop_add_to_cart_link_describedby_84611\" class=\"screen-reader-text\">\n\t\t\t<\/span>\n\t\t\t\t\t\t\t\t\t\t\t\t\t\t\t\t\t\t\t\t<\/div>\n\t\t\t\t<div class=\"wrap-quickview-button\">\t\t<div class=\"quick-view wd-action-btn wd-style-icon wd-quick-view-icon\">\n\t\t\t<a\n\t\t\t\thref=\"https:\/\/www.irdin.org.br\/site\/produtos\/a-alma-do-mundo-e-outros-temas\/\"\n\t\t\t\tclass=\"open-quick-view quick-view-button\"\n\t\t\t\trel=\"nofollow\"\n\t\t\t\tdata-id=\"84611\"\n\t\t\t\t>Olhada r\u00e1pida<\/a>\n\t\t<\/div>\n\t\t<\/div>\n\t\t\t<\/div>\n\n\t\t\t\t\t\t\n\t\t\t\t\t<\/div>\n\t<\/div>\n<\/div>\n<\/div>\n<div class=\"wd-product wd-with-labels wd-hover-base wd-hover-with-fade wd-col product-grid-item product product-no-swatches type-product post-83816 status-publish first outofstock product_cat-cddvd product_cat-palestras product_tag-40933 has-post-thumbnail product-type-simple\" data-loop=\"8\" data-id=\"83816\">\n\t\n\t\n<div class=\"product-wrapper\">\n\t<div class=\"content-product-imagin\"><\/div>\n\t<div class=\"product-element-top wd-quick-shop\">\n\t\t<a href=\"https:\/\/www.irdin.org.br\/site\/produtos\/a-arte-de-viver-nos-tempos-atuais-palestra-em-belo-horizonte-1a-parte\/\" class=\"product-image-link\" tabindex=\"-1\" aria-label=\"A arte de viver nos tempos atuais &#8211; palestra em Belo Horizonte &#8211; 1\u00aa parte\">\n\t\t\t<div class=\"product-labels labels-rectangular\"><span class=\"out-of-stock product-label\">Vendido<\/span><\/div><img loading=\"lazy\" decoding=\"async\" width=\"350\" height=\"359\" src=\"https:\/\/www.irdin.org.br\/site\/wp-content\/uploads\/2022\/02\/fones-ouvido-irdin.png\" class=\"attachment-woocommerce_thumbnail size-woocommerce_thumbnail\" alt=\"\" srcset=\"https:\/\/www.irdin.org.br\/site\/wp-content\/uploads\/2022\/02\/fones-ouvido-irdin.png 350w, https:\/\/www.irdin.org.br\/site\/wp-content\/uploads\/2022\/02\/fones-ouvido-irdin-150x154.png 150w, https:\/\/www.irdin.org.br\/site\/wp-content\/uploads\/2022\/02\/fones-ouvido-irdin-247x253.png 247w\" sizes=\"auto, (max-width: 350px) 100vw, 350px\" \/>\t\t<\/a>\n\n\t\t\n\t\t<div class=\"wrapp-swatches\"><\/div>\n\t<\/div>\n\n\t<div class=\"product-element-bottom product-information\">\n\t\t<h3 class=\"wd-entities-title\"><a href=\"https:\/\/www.irdin.org.br\/site\/produtos\/a-arte-de-viver-nos-tempos-atuais-palestra-em-belo-horizonte-1a-parte\/\">A arte de viver nos tempos atuais &#8211; palestra em Belo Horizonte &#8211; 1\u00aa parte<\/a><\/h3>\t\t\t\t<div class=\"wd-product-cats\">\n\t\t\t<a href=\"https:\/\/www.irdin.org.br\/site\/categoria-produto\/cddvd\/\" rel=\"tag\">CD\/DVD<\/a>, <a href=\"https:\/\/www.irdin.org.br\/site\/categoria-produto\/palestras\/\" rel=\"tag\">Palestras<\/a>\t\t<\/div>\n\t\t\t\t<div class=\"product-rating-price\">\n\t\t\t<div class=\"wrapp-product-price\">\n\t\t\t\t\n\t\t\t\t\t\t\t<\/div>\n\t\t<\/div>\n\t\t\t\t<div class=\"fade-in-block wd-scroll\">\n\t\t\t<div class=\"hover-content wd-more-desc\">\n\t\t\t\t<div class=\"hover-content-inner wd-more-desc-inner\">\n\t\t\t\t\tA presente condi\u00e7\u00e3o ambiental, humana e social planet\u00e1ria pede que despertemos para realidades superiores. Amplo projeto salv\u00edfico est\u00e1 em andamento,\t\t\t\t<\/div>\n\t\t\t\t<a href=\"#\" rel=\"nofollow\" class=\"wd-more-desc-btn\" aria-label=\"Leia mais descri\u00e7\u00e3o\"><\/a>\n\t\t\t<\/div>\n\t\t\t<div class=\" wd-bottom-actions\">\n\t\t\t\t<div class=\"wrap-wishlist-button\"><\/div>\n\t\t\t\t<div class=\"wd-add-btn wd-add-btn-replace\">\n\t\t\t\t\t<a href=\"https:\/\/www.irdin.org.br\/site\/produtos\/a-arte-de-viver-nos-tempos-atuais-palestra-em-belo-horizonte-1a-parte\/\" aria-describedby=\"woocommerce_loop_add_to_cart_link_describedby_83816\" data-quantity=\"1\" class=\"button product_type_simple add-to-cart-loop\" data-product_id=\"83816\" data-product_sku=\"a-arte-de-viver-nos-tempos-atuais-palestra-em-belo-horizonte-1a-parte\" aria-label=\"Leia mais sobre &ldquo;A arte de viver nos tempos atuais - palestra em Belo Horizonte - 1\u00aa parte&rdquo;\" rel=\"nofollow\" data-success_message=\"\"><span>Leia mais<\/span><\/a>\t<span id=\"woocommerce_loop_add_to_cart_link_describedby_83816\" class=\"screen-reader-text\">\n\t\t\t<\/span>\n\t\t\t\t\t\t\t\t\t\t\t\t\t\t\t\t\t\t\t\t<\/div>\n\t\t\t\t<div class=\"wrap-quickview-button\">\t\t<div class=\"quick-view wd-action-btn wd-style-icon wd-quick-view-icon\">\n\t\t\t<a\n\t\t\t\thref=\"https:\/\/www.irdin.org.br\/site\/produtos\/a-arte-de-viver-nos-tempos-atuais-palestra-em-belo-horizonte-1a-parte\/\"\n\t\t\t\tclass=\"open-quick-view quick-view-button\"\n\t\t\t\trel=\"nofollow\"\n\t\t\t\tdata-id=\"83816\"\n\t\t\t\t>Olhada r\u00e1pida<\/a>\n\t\t<\/div>\n\t\t<\/div>\n\t\t\t<\/div>\n\n\t\t\t\t\t\t\n\t\t\t\t\t<\/div>\n\t<\/div>\n<\/div>\n<\/div>\n<div class=\"wd-product wd-with-labels wd-hover-base wd-hover-with-fade wd-col product-grid-item product product-no-swatches type-product post-83817 status-publish outofstock product_cat-cddvd product_cat-palestras product_tag-40935 has-post-thumbnail product-type-simple\" data-loop=\"9\" data-id=\"83817\">\n\t\n\t\n<div class=\"product-wrapper\">\n\t<div class=\"content-product-imagin\"><\/div>\n\t<div class=\"product-element-top wd-quick-shop\">\n\t\t<a href=\"https:\/\/www.irdin.org.br\/site\/produtos\/a-arte-de-viver-nos-tempos-atuais-palestra-em-belo-horizonte-2a-parte\/\" class=\"product-image-link\" tabindex=\"-1\" aria-label=\"A arte de viver nos tempos atuais &#8211; palestra em Belo Horizonte &#8211; 2\u00aa parte\">\n\t\t\t<div class=\"product-labels labels-rectangular\"><span class=\"out-of-stock product-label\">Vendido<\/span><\/div><img loading=\"lazy\" decoding=\"async\" width=\"350\" height=\"359\" src=\"https:\/\/www.irdin.org.br\/site\/wp-content\/uploads\/2022\/02\/fones-ouvido-irdin.png\" class=\"attachment-woocommerce_thumbnail size-woocommerce_thumbnail\" alt=\"\" srcset=\"https:\/\/www.irdin.org.br\/site\/wp-content\/uploads\/2022\/02\/fones-ouvido-irdin.png 350w, https:\/\/www.irdin.org.br\/site\/wp-content\/uploads\/2022\/02\/fones-ouvido-irdin-150x154.png 150w, https:\/\/www.irdin.org.br\/site\/wp-content\/uploads\/2022\/02\/fones-ouvido-irdin-247x253.png 247w\" sizes=\"auto, (max-width: 350px) 100vw, 350px\" \/>\t\t<\/a>\n\n\t\t\n\t\t<div class=\"wrapp-swatches\"><\/div>\n\t<\/div>\n\n\t<div class=\"product-element-bottom product-information\">\n\t\t<h3 class=\"wd-entities-title\"><a href=\"https:\/\/www.irdin.org.br\/site\/produtos\/a-arte-de-viver-nos-tempos-atuais-palestra-em-belo-horizonte-2a-parte\/\">A arte de viver nos tempos atuais &#8211; palestra em Belo Horizonte &#8211; 2\u00aa parte<\/a><\/h3>\t\t\t\t<div class=\"wd-product-cats\">\n\t\t\t<a href=\"https:\/\/www.irdin.org.br\/site\/categoria-produto\/cddvd\/\" rel=\"tag\">CD\/DVD<\/a>, <a href=\"https:\/\/www.irdin.org.br\/site\/categoria-produto\/palestras\/\" rel=\"tag\">Palestras<\/a>\t\t<\/div>\n\t\t\t\t<div class=\"product-rating-price\">\n\t\t\t<div class=\"wrapp-product-price\">\n\t\t\t\t\n\t\t\t\t\t\t\t<\/div>\n\t\t<\/div>\n\t\t\t\t<div class=\"fade-in-block wd-scroll\">\n\t\t\t<div class=\"hover-content wd-more-desc\">\n\t\t\t\t<div class=\"hover-content-inner wd-more-desc-inner\">\n\t\t\t\t\tConsci\u00eancias imateriais conduzem o processo de resgate da humanidade e a reestrutura\u00e7\u00e3o da Terra. Podemos conhec\u00ea-las voltando-nos para o nosso\t\t\t\t<\/div>\n\t\t\t\t<a href=\"#\" rel=\"nofollow\" class=\"wd-more-desc-btn\" aria-label=\"Leia mais descri\u00e7\u00e3o\"><\/a>\n\t\t\t<\/div>\n\t\t\t<div class=\" wd-bottom-actions\">\n\t\t\t\t<div class=\"wrap-wishlist-button\"><\/div>\n\t\t\t\t<div class=\"wd-add-btn wd-add-btn-replace\">\n\t\t\t\t\t<a href=\"https:\/\/www.irdin.org.br\/site\/produtos\/a-arte-de-viver-nos-tempos-atuais-palestra-em-belo-horizonte-2a-parte\/\" aria-describedby=\"woocommerce_loop_add_to_cart_link_describedby_83817\" data-quantity=\"1\" class=\"button product_type_simple add-to-cart-loop\" data-product_id=\"83817\" data-product_sku=\"a-arte-de-viver-nos-tempos-atuais-palestra-em-belo-horizonte-2a-parte\" aria-label=\"Leia mais sobre &ldquo;A arte de viver nos tempos atuais - palestra em Belo Horizonte - 2\u00aa parte&rdquo;\" rel=\"nofollow\" data-success_message=\"\"><span>Leia mais<\/span><\/a>\t<span id=\"woocommerce_loop_add_to_cart_link_describedby_83817\" class=\"screen-reader-text\">\n\t\t\t<\/span>\n\t\t\t\t\t\t\t\t\t\t\t\t\t\t\t\t\t\t\t\t<\/div>\n\t\t\t\t<div class=\"wrap-quickview-button\">\t\t<div class=\"quick-view wd-action-btn wd-style-icon wd-quick-view-icon\">\n\t\t\t<a\n\t\t\t\thref=\"https:\/\/www.irdin.org.br\/site\/produtos\/a-arte-de-viver-nos-tempos-atuais-palestra-em-belo-horizonte-2a-parte\/\"\n\t\t\t\tclass=\"open-quick-view quick-view-button\"\n\t\t\t\trel=\"nofollow\"\n\t\t\t\tdata-id=\"83817\"\n\t\t\t\t>Olhada r\u00e1pida<\/a>\n\t\t<\/div>\n\t\t<\/div>\n\t\t\t<\/div>\n\n\t\t\t\t\t\t\n\t\t\t\t\t<\/div>\n\t<\/div>\n<\/div>\n<\/div>\n<div class=\"wd-product wd-with-labels wd-hover-base wd-hover-with-fade wd-col product-grid-item product product-no-swatches type-product post-83812 status-publish outofstock product_cat-cddvd product_cat-palestras product_tag-40925 has-post-thumbnail product-type-simple\" data-loop=\"10\" data-id=\"83812\">\n\t\n\t\n<div class=\"product-wrapper\">\n\t<div class=\"content-product-imagin\"><\/div>\n\t<div class=\"product-element-top wd-quick-shop\">\n\t\t<a href=\"https:\/\/www.irdin.org.br\/site\/produtos\/a-arte-de-viver-nos-tempos-atuais-palestra-em-buenos-aires\/\" class=\"product-image-link\" tabindex=\"-1\" aria-label=\"A arte de viver nos tempos atuais &#8211; palestra em Buenos Aires\">\n\t\t\t<div class=\"product-labels labels-rectangular\"><span class=\"out-of-stock product-label\">Vendido<\/span><\/div><img loading=\"lazy\" decoding=\"async\" width=\"350\" height=\"359\" src=\"https:\/\/www.irdin.org.br\/site\/wp-content\/uploads\/2022\/02\/fones-ouvido-irdin.png\" class=\"attachment-woocommerce_thumbnail size-woocommerce_thumbnail\" alt=\"\" srcset=\"https:\/\/www.irdin.org.br\/site\/wp-content\/uploads\/2022\/02\/fones-ouvido-irdin.png 350w, https:\/\/www.irdin.org.br\/site\/wp-content\/uploads\/2022\/02\/fones-ouvido-irdin-150x154.png 150w, https:\/\/www.irdin.org.br\/site\/wp-content\/uploads\/2022\/02\/fones-ouvido-irdin-247x253.png 247w\" sizes=\"auto, (max-width: 350px) 100vw, 350px\" \/>\t\t<\/a>\n\n\t\t\n\t\t<div class=\"wrapp-swatches\"><\/div>\n\t<\/div>\n\n\t<div class=\"product-element-bottom product-information\">\n\t\t<h3 class=\"wd-entities-title\"><a href=\"https:\/\/www.irdin.org.br\/site\/produtos\/a-arte-de-viver-nos-tempos-atuais-palestra-em-buenos-aires\/\">A arte de viver nos tempos atuais &#8211; palestra em Buenos Aires<\/a><\/h3>\t\t\t\t<div class=\"wd-product-cats\">\n\t\t\t<a href=\"https:\/\/www.irdin.org.br\/site\/categoria-produto\/cddvd\/\" rel=\"tag\">CD\/DVD<\/a>, <a href=\"https:\/\/www.irdin.org.br\/site\/categoria-produto\/palestras\/\" rel=\"tag\">Palestras<\/a>\t\t<\/div>\n\t\t\t\t<div class=\"product-rating-price\">\n\t\t\t<div class=\"wrapp-product-price\">\n\t\t\t\t\n\t\t\t\t\t\t\t<\/div>\n\t\t<\/div>\n\t\t\t\t<div class=\"fade-in-block wd-scroll\">\n\t\t\t<div class=\"hover-content wd-more-desc\">\n\t\t\t\t<div class=\"hover-content-inner wd-more-desc-inner\">\n\t\t\t\t\t\u00c9 na superf\u00edcie da vida que o caos vem agravando-se. Quem procura contatar o interior do pr\u00f3prio ser vai percebendo\t\t\t\t<\/div>\n\t\t\t\t<a href=\"#\" rel=\"nofollow\" class=\"wd-more-desc-btn\" aria-label=\"Leia mais descri\u00e7\u00e3o\"><\/a>\n\t\t\t<\/div>\n\t\t\t<div class=\" wd-bottom-actions\">\n\t\t\t\t<div class=\"wrap-wishlist-button\"><\/div>\n\t\t\t\t<div class=\"wd-add-btn wd-add-btn-replace\">\n\t\t\t\t\t<a href=\"https:\/\/www.irdin.org.br\/site\/produtos\/a-arte-de-viver-nos-tempos-atuais-palestra-em-buenos-aires\/\" aria-describedby=\"woocommerce_loop_add_to_cart_link_describedby_83812\" data-quantity=\"1\" class=\"button product_type_simple add-to-cart-loop\" data-product_id=\"83812\" data-product_sku=\"a-arte-de-viver-nos-tempos-atuais-palestra-em-buenos-aires\" aria-label=\"Leia mais sobre &ldquo;A arte de viver nos tempos atuais - palestra em Buenos Aires&rdquo;\" rel=\"nofollow\" data-success_message=\"\"><span>Leia mais<\/span><\/a>\t<span id=\"woocommerce_loop_add_to_cart_link_describedby_83812\" class=\"screen-reader-text\">\n\t\t\t<\/span>\n\t\t\t\t\t\t\t\t\t\t\t\t\t\t\t\t\t\t\t\t<\/div>\n\t\t\t\t<div class=\"wrap-quickview-button\">\t\t<div class=\"quick-view wd-action-btn wd-style-icon wd-quick-view-icon\">\n\t\t\t<a\n\t\t\t\thref=\"https:\/\/www.irdin.org.br\/site\/produtos\/a-arte-de-viver-nos-tempos-atuais-palestra-em-buenos-aires\/\"\n\t\t\t\tclass=\"open-quick-view quick-view-button\"\n\t\t\t\trel=\"nofollow\"\n\t\t\t\tdata-id=\"83812\"\n\t\t\t\t>Olhada r\u00e1pida<\/a>\n\t\t<\/div>\n\t\t<\/div>\n\t\t\t<\/div>\n\n\t\t\t\t\t\t\n\t\t\t\t\t<\/div>\n\t<\/div>\n<\/div>\n<\/div>\n<\/div>\n<\/div><\/div><\/p>\t\t\t\t\t\t\t\t<\/div>\n\t\t\t\t<\/div>\n\t\t\t\t\t<\/div>\n\t\t\t\t<\/div>\n\t\t\t\t<\/div>\n\t\t","protected":false},"excerpt":{"rendered":"<p>Jos\u00e9 Trigueirinho Netto (1931-2018) nasceu em S\u00e3o Paulo, Brasil. Residiu na Europa por v\u00e1rios anos, onde manteve contato com seres adiantados no caminho espiritual, entre os quais Paul Brunton.<\/p>\n","protected":false},"author":1,"featured_media":0,"comment_status":"closed","ping_status":"closed","sticky":false,"template":"","format":"standard","meta":{"_acf_changed":false,"footnotes":""},"categories":[1],"tags":[],"class_list":["post-69895","post","type-post","status-publish","format-standard","hentry","category-autores"],"acf":[],"_links":{"self":[{"href":"https:\/\/www.irdin.org.br\/site\/wp-json\/wp\/v2\/posts\/69895","targetHints":{"allow":["GET"]}}],"collection":[{"href":"https:\/\/www.irdin.org.br\/site\/wp-json\/wp\/v2\/posts"}],"about":[{"href":"https:\/\/www.irdin.org.br\/site\/wp-json\/wp\/v2\/types\/post"}],"author":[{"embeddable":true,"href":"https:\/\/www.irdin.org.br\/site\/wp-json\/wp\/v2\/users\/1"}],"replies":[{"embeddable":true,"href":"https:\/\/www.irdin.org.br\/site\/wp-json\/wp\/v2\/comments?post=69895"}],"version-history":[{"count":117,"href":"https:\/\/www.irdin.org.br\/site\/wp-json\/wp\/v2\/posts\/69895\/revisions"}],"predecessor-version":[{"id":106285,"href":"https:\/\/www.irdin.org.br\/site\/wp-json\/wp\/v2\/posts\/69895\/revisions\/106285"}],"wp:attachment":[{"href":"https:\/\/www.irdin.org.br\/site\/wp-json\/wp\/v2\/media?parent=69895"}],"wp:term":[{"taxonomy":"category","embeddable":true,"href":"https:\/\/www.irdin.org.br\/site\/wp-json\/wp\/v2\/categories?post=69895"},{"taxonomy":"post_tag","embeddable":true,"href":"https:\/\/www.irdin.org.br\/site\/wp-json\/wp\/v2\/tags?post=69895"}],"curies":[{"name":"wp","href":"https:\/\/api.w.org\/{rel}","templated":true}]}}